{"id":497957,"date":"2017-09-03T19:12:27","date_gmt":"2017-09-04T00:12:27","guid":{"rendered":"https:\/\/www.futboltotal.com.mx\/?p=497957"},"modified":"2017-09-03T19:38:36","modified_gmt":"2017-09-04T00:38:36","slug":"neymar-coutinho-juegan-epica-broma-a-la-mascota-canarinho","status":"publish","type":"post","link":"http:\/\/desarrollo.grupomedios.com\/futbol\/videos\/neymar-coutinho-juegan-epica-broma-a-la-mascota-canarinho\/2017\/09","title":{"rendered":"Neymar y Coutinho juegan \u00e9pica broma a la mascota &#8216;Canarinho&#8217;"},"content":{"rendered":"<p>No cabe duda que el ambiente de la selecci\u00f3n de Brasil es muy bueno, despu\u00e9s de que los futbolistas se saben clasificados a la Copa del Mundo, y con el liderato de las eliminatorias en Sudam\u00e9rica.<\/p>\n<p>El ambiente es agradable, y las bromas no se han hecho esperar. Una de ellas se dio este d\u00eda entre Neymar, Coutinho y la mascota del equipo, &#8216;Canarinho&#8217;.<\/p>\n<p>Neymar y Coutinho se pusieron de acuerdo para hacerle una broma \u00e9pica a la mascota de la &#8216;verde-amarelha&#8217; que provoc\u00f3 las risas de los futbolistas en el entrenamiento-<\/p>\n<p>\u00bfQui\u00e9res ver lo que le hicieron?<\/p>\n<p><iframe loading=\"lazy\" src=\"https:\/\/www.youtube.com\/embed\/WRYbGMsfwzQ\" frameborder=\"0\" allowfullscreen=\"allowfullscreen\"><\/iframe><\/p>\n","protected":false},"excerpt":{"rendered":"<p>Los dos jugadores de la selecci\u00f3n de Brasil se coordinaron de manera impecable<\/p>\n","protected":false},"author":20,"featured_media":497958,"comment_status":"closed","ping_status":"closed","sticky":false,"template":"","format":"standard","meta":[],"categories":[7566,3839,4],"tags":[6009,10067,2616,6001],"_links":{"self":[{"href":"http:\/\/desarrollo.grupomedios.com\/futbol\/wp-json\/wp\/v2\/posts\/497957"}],"collection":[{"href":"http:\/\/desarrollo.grupomedios.com\/futbol\/wp-json\/wp\/v2\/posts"}],"about":[{"href":"http:\/\/desarrollo.grupomedios.com\/futbol\/wp-json\/wp\/v2\/types\/post"}],"author":[{"embeddable":true,"href":"http:\/\/desarrollo.grupomedios.com\/futbol\/wp-json\/wp\/v2\/users\/20"}],"replies":[{"embeddable":true,"href":"http:\/\/desarrollo.grupomedios.com\/futbol\/wp-json\/wp\/v2\/comments?post=497957"}],"version-history":[{"count":1,"href":"http:\/\/desarrollo.grupomedios.com\/futbol\/wp-json\/wp\/v2\/posts\/497957\/revisions"}],"predecessor-version":[{"id":497959,"href":"http:\/\/desarrollo.grupomedios.com\/futbol\/wp-json\/wp\/v2\/posts\/497957\/revisions\/497959"}],"wp:featuredmedia":[{"embeddable":true,"href":"http:\/\/desarrollo.grupomedios.com\/futbol\/wp-json\/wp\/v2\/media\/497958"}],"wp:attachment":[{"href":"http:\/\/desarrollo.grupomedios.com\/futbol\/wp-json\/wp\/v2\/media?parent=497957"}],"wp:term":[{"taxonomy":"category","embeddable":true,"href":"http:\/\/desarrollo.grupomedios.com\/futbol\/wp-json\/wp\/v2\/categories?post=497957"},{"taxonomy":"post_tag","embeddable":true,"href":"http:\/\/desarrollo.grupomedios.com\/futbol\/wp-json\/wp\/v2\/tags?post=497957"}],"curies":[{"name":"wp","href":"https:\/\/api.w.org\/{rel}","templated":true}]}}