{"id":497991,"date":"2017-09-04T09:22:52","date_gmt":"2017-09-04T14:22:52","guid":{"rendered":"https:\/\/www.futboltotal.com.mx\/?p=497991"},"modified":"2017-09-04T09:22:52","modified_gmt":"2017-09-04T14:22:52","slug":"chelsea-deja-a-diego-costa-lista-champions-league","status":"publish","type":"post","link":"http:\/\/desarrollo.grupomedios.com\/futbol\/futbol-internacional\/chelsea-deja-a-diego-costa-lista-champions-league\/2017\/09","title":{"rendered":"Chelsea deja a Diego Costa fuera de lista de Champions League"},"content":{"rendered":"<p class=\"DETALLE_N_titulo \"><span id=\"ctl14_lblMostra\">El hispano-brasile\u00f1o <strong>Diego Costa<\/strong> ha quedado fuera de la lista del <strong>Chelsea<\/strong> para la <strong>Champions League<\/strong>, lo que ha disparado a\u00fan m\u00e1s las especulaciones sobre su posible marcha al <strong>Atl\u00e9tico de Madrid<\/strong>, informaron medios brit\u00e1nicos.<\/p>\n<p>El delantero, de 28 a\u00f1os, fue inscrito en la <strong>Premier League<\/strong>\u00a0inglesa para esta temporada el pasado viernes, pero ha quedado fuera del equipo que entrena el italiano <strong>Antonio Conte<\/strong> para la m\u00e1xima competici\u00f3n continental.<\/span><\/p>\n<p class=\"DETALLE_N_titulo \" style=\"text-align: center;\"><span id=\"ctl14_lblMostra\"><a href=\"https:\/\/www.futboltotal.com.mx\/2017\/09\/neymar-coutinho-juegan-epica-broma-a-la-mascota-canarinho\/\" target=\"_blank\" rel=\"noopener noreferrer\"><span style=\"color: #333399;\">VER M\u00c1S: Neymar y Coutinho le juegan \u00e9pica broma a mascota de Brasil<\/span><\/a><\/span><\/p>\n<p class=\"DETALLE_N_titulo \"><span id=\"ctl14_lblMostra\">Costa ha transmitido p\u00fablicamente su deseo de jugar en el Atl\u00e9tico de Madrid esta temporada y a\u00fan no se ha incorporado a la disciplina del conjunto londinense tras el verano.<\/p>\n<p>Con la ventana de fichajes cerrada en Espa\u00f1a, el hispano-brasile\u00f1o tendr\u00eda que esperar al menos hasta enero para poder fichar por el Atl\u00e9tico, que estaba sancionado por la FIFA y no pudo contratar jugadores en el mercado de verano.<\/p>\n<p>Costa no entra en los planes de Conte, quien, supuestamente, le hizo saber al final de la temporada pasada a trav\u00e9s de un escueto mensaje de texto que no contaba con \u00e9l y que ten\u00eda que buscarse un nuevo equipo.<\/span><\/p>\n<div id=\"texto\" class=\"texto_txt\"><\/div>\n","protected":false},"excerpt":{"rendered":"<p>Las especulaciones sobre el futuro del delantero de los Blues no paran.<\/p>\n","protected":false},"author":144,"featured_media":497995,"comment_status":"closed","ping_status":"closed","sticky":false,"template":"","format":"standard","meta":[],"categories":[7740,3839],"tags":[6007,36,5981,3205],"_links":{"self":[{"href":"http:\/\/desarrollo.grupomedios.com\/futbol\/wp-json\/wp\/v2\/posts\/497991"}],"collection":[{"href":"http:\/\/desarrollo.grupomedios.com\/futbol\/wp-json\/wp\/v2\/posts"}],"about":[{"href":"http:\/\/desarrollo.grupomedios.com\/futbol\/wp-json\/wp\/v2\/types\/post"}],"author":[{"embeddable":true,"href":"http:\/\/desarrollo.grupomedios.com\/futbol\/wp-json\/wp\/v2\/users\/144"}],"replies":[{"embeddable":true,"href":"http:\/\/desarrollo.grupomedios.com\/futbol\/wp-json\/wp\/v2\/comments?post=497991"}],"version-history":[{"count":1,"href":"http:\/\/desarrollo.grupomedios.com\/futbol\/wp-json\/wp\/v2\/posts\/497991\/revisions"}],"predecessor-version":[{"id":497996,"href":"http:\/\/desarrollo.grupomedios.com\/futbol\/wp-json\/wp\/v2\/posts\/497991\/revisions\/497996"}],"wp:featuredmedia":[{"embeddable":true,"href":"http:\/\/desarrollo.grupomedios.com\/futbol\/wp-json\/wp\/v2\/media\/497995"}],"wp:attachment":[{"href":"http:\/\/desarrollo.grupomedios.com\/futbol\/wp-json\/wp\/v2\/media?parent=497991"}],"wp:term":[{"taxonomy":"category","embeddable":true,"href":"http:\/\/desarrollo.grupomedios.com\/futbol\/wp-json\/wp\/v2\/categories?post=497991"},{"taxonomy":"post_tag","embeddable":true,"href":"http:\/\/desarrollo.grupomedios.com\/futbol\/wp-json\/wp\/v2\/tags?post=497991"}],"curies":[{"name":"wp","href":"https:\/\/api.w.org\/{rel}","templated":true}]}}