{"id":497998,"date":"2017-09-04T09:48:56","date_gmt":"2017-09-04T14:48:56","guid":{"rendered":"https:\/\/www.futboltotal.com.mx\/?p=497998"},"modified":"2017-09-04T09:48:56","modified_gmt":"2017-09-04T14:48:56","slug":"tigres-esta-a-punto-fichar-a-defensor-frances-la-bundesliga","status":"publish","type":"post","link":"http:\/\/desarrollo.grupomedios.com\/futbol\/destacado-home\/tigres-esta-a-punto-fichar-a-defensor-frances-la-bundesliga\/2017\/09","title":{"rendered":"Tigres est\u00e1 a punto de fichar a defensor franc\u00e9s de la Bundesliga"},"content":{"rendered":"<p>La directiva de los <strong>Tigres<\/strong> no se detiene en su objetivo de armar una plantilla competitiva a nivel internacional apostando por jugadores del futbol europeo, siendo ahora su pr\u00f3ximo fichaje en la mira un franc\u00e9s proveniente de la <strong>Bundesliga<\/strong> alemana, el defensor\u00a0<strong>Timoth\u00e9e Kolodziejczak<\/strong>.<\/p>\n<p>El <strong>Borussia M\u00f6nchengladbach<\/strong>, actualmente en la Bundesliga, ha dado a conocer en un comunicado que <strong>Kolo<\/strong>, como mejor se conoce al defensa central, ha viajado a M\u00e9xico para presentar las pruebas m\u00e9dicas con los Tigres.<\/p>\n<p>El jugador de 25 a\u00f1os no deber\u00eda tener problemas en pasar los ex\u00e1menes de rutina y, una vez que los dos clubes lleguen a un acuerdo econ\u00f3mico, el futbolista ya ser\u00e1 parte del cuadro de la Liga MX.<\/p>\n<p style=\"text-align: center;\"><a href=\"https:\/\/www.futboltotal.com.mx\/2017\/09\/hace-cuatro-anos-costa-rica-casi-dejo-mexico-sin-mundial\/\" target=\"_blank\" rel=\"noopener noreferrer\"><span style=\"color: #333399;\">VER M\u00c1S: Hace cuatro a\u00f1os, Costa Rica casi dej\u00f3 a M\u00e9xico sin Mundial<\/span><\/a><\/p>\n<p>Pese a que a\u00fan es un jugador joven,\u00a0<strong>Kolodziejczak\u00a0<\/strong>ya acumula una trayectoria importante en el balompi\u00e9 europeo, iniciando su carrera en el <strong>Lyon<\/strong> para despu\u00e9s pasar por el <strong>Niza<\/strong> y el Sevil<strong>l<\/strong>a.<\/p>\n<p>En enero de este a\u00f1o, <strong>Kolo<\/strong> fich\u00f3 por el\u00a0M\u00f6nchengladbach, aunque no pudo sumar minutos de juego con el cuadro alem\u00e1n.<\/p>\n<p>Hasta ahora se desconocen las cifras que pagar\u00eda <strong>Tigres<\/strong> por\u00a0<strong>Timoth\u00e9e Kolodziejczak<\/strong>, aunque de acuerdo al portal Tranfermarkt el defensor, que ha sido parte de selecciones menores de Francia, est\u00e1 valuado en 6 millones de euros.<\/p>\n","protected":false},"excerpt":{"rendered":"<p>Los Felinos contratar\u00edan a un central proveniente del Borussia M\u00f6nchengladbach.<\/p>\n","protected":false},"author":20,"featured_media":497999,"comment_status":"closed","ping_status":"closed","sticky":false,"template":"","format":"standard","meta":[],"categories":[5,2198,3845],"tags":[4463,119,5973,10071],"_links":{"self":[{"href":"http:\/\/desarrollo.grupomedios.com\/futbol\/wp-json\/wp\/v2\/posts\/497998"}],"collection":[{"href":"http:\/\/desarrollo.grupomedios.com\/futbol\/wp-json\/wp\/v2\/posts"}],"about":[{"href":"http:\/\/desarrollo.grupomedios.com\/futbol\/wp-json\/wp\/v2\/types\/post"}],"author":[{"embeddable":true,"href":"http:\/\/desarrollo.grupomedios.com\/futbol\/wp-json\/wp\/v2\/users\/20"}],"replies":[{"embeddable":true,"href":"http:\/\/desarrollo.grupomedios.com\/futbol\/wp-json\/wp\/v2\/comments?post=497998"}],"version-history":[{"count":1,"href":"http:\/\/desarrollo.grupomedios.com\/futbol\/wp-json\/wp\/v2\/posts\/497998\/revisions"}],"predecessor-version":[{"id":498001,"href":"http:\/\/desarrollo.grupomedios.com\/futbol\/wp-json\/wp\/v2\/posts\/497998\/revisions\/498001"}],"wp:featuredmedia":[{"embeddable":true,"href":"http:\/\/desarrollo.grupomedios.com\/futbol\/wp-json\/wp\/v2\/media\/497999"}],"wp:attachment":[{"href":"http:\/\/desarrollo.grupomedios.com\/futbol\/wp-json\/wp\/v2\/media?parent=497998"}],"wp:term":[{"taxonomy":"category","embeddable":true,"href":"http:\/\/desarrollo.grupomedios.com\/futbol\/wp-json\/wp\/v2\/categories?post=497998"},{"taxonomy":"post_tag","embeddable":true,"href":"http:\/\/desarrollo.grupomedios.com\/futbol\/wp-json\/wp\/v2\/tags?post=497998"}],"curies":[{"name":"wp","href":"https:\/\/api.w.org\/{rel}","templated":true}]}}