{"id":498013,"date":"2017-09-04T11:39:53","date_gmt":"2017-09-04T16:39:53","guid":{"rendered":"https:\/\/www.futboltotal.com.mx\/?p=498013"},"modified":"2017-09-04T12:23:30","modified_gmt":"2017-09-04T17:23:30","slug":"verratti-asegura-ni-messi-alcanzo-nivel-isco-ante-italia","status":"publish","type":"post","link":"http:\/\/desarrollo.grupomedios.com\/futbol\/futbol-internacional\/verratti-asegura-ni-messi-alcanzo-nivel-isco-ante-italia\/2017\/09","title":{"rendered":"\u00bfVerratti dijo que &#8220;ni Messi&#8221; alcanz\u00f3 nivel de Isco ante Italia?"},"content":{"rendered":"<p class=\"DETALLE_N_titulo \"><span id=\"ctl14_lblMostra\">El mediocampista\u00a0<strong>Marco Verratti<\/strong>, quien con la selecci\u00f3n de <strong>Italia<\/strong>\u00a0cay\u00f3 3-0 el s\u00e1bado contra la de <strong>Espa\u00f1a<\/strong> en la fase de clasificaci\u00f3n del <strong>Mundial 2018<\/strong>, habr\u00eda afirmado\u00a0que &#8220;ni siquiera&#8221; el argentino <strong>Lionel Messi\u00a0<\/strong>&#8220;se acerc\u00f3 nunca&#8221; al nivel de <strong>Isco Alarc\u00f3n<\/strong> en el duelo del Santiago Bernab\u00e9u.<\/span><\/p>\n<p>&#8220;Sufr\u00ed mucho contra <strong>Isco<\/strong>, su prestaci\u00f3n me impresion\u00f3, de verdad. Ni siquiera <strong>Lionel Messi<\/strong> se acerc\u00f3 nunca a ese nivel&#8221;, habr\u00eda dicho\u00a0<strong>Verratti<\/strong> en declaraciones aparentemente difundidas por la p\u00e1gina web de la UEFA.<\/p>\n<p>Sin embargo, esta informaci\u00f3n surgi\u00f3\u00a0del tuitero <strong>@quillobarrios<\/strong>, quien asegur\u00f3 que el jugador del <strong>PSG<\/strong> habl\u00f3 de Isco y distintos medios cayeron en la publicaci\u00f3n como ahora pas\u00f3 con EFE, mencionando que estas palabras las dio el italiano para el sitio de la confederaci\u00f3n europea.<\/p>\n<p class=\"DETALLE_N_titulo \" style=\"text-align: center;\"><span id=\"ctl14_lblMostra\" style=\"color: #333399;\"><a href=\"https:\/\/www.futboltotal.com.mx\/2017\/09\/tigres-a-punto-fichar-defensor-frances-bundesliga\/\" target=\"_blank\" rel=\"noopener noreferrer\">VER M\u00c1S: Tigres est\u00e1 por fichar a defensor franc\u00e9s de la Bundesliga<\/a><\/span><\/p>\n<p><iframe loading=\"lazy\" src=\"https:\/\/www.youtube.com\/embed\/ztKbW5ydbR8\" frameborder=\"0\" allowfullscreen=\"allowfullscreen\"><\/iframe><\/p>\n<p class=\"DETALLE_N_titulo \">El centrocampista italiano parec\u00eda haberse rendido\u00a0ante el futbolista del <strong>Real Madrid<\/strong>, que fue determinante en el partido del s\u00e1bado con un doblete y unas grandes jugadas personales.<\/p>\n<p>Entre ellas, destac\u00f3 una en la que super\u00f3 al propio Verratti con un &#8216;ca\u00f1o&#8217; en el centro del campo.<\/p>\n<p>&nbsp;<\/p>\n<blockquote class=\"twitter-video\" data-lang=\"es\">\n<p dir=\"ltr\" lang=\"es\">&#x1f602;&#x1f602;&#x1f602;<br \/>\nDon <a href=\"https:\/\/twitter.com\/hashtag\/Isco?src=hash\">#Isco<\/a> Alarc\u00f3n haci\u00e9ndole un traje a Verratti<a href=\"https:\/\/twitter.com\/hashtag\/Espa%C3%B1a?src=hash\">#Espa\u00f1a<\/a> <a href=\"https:\/\/twitter.com\/hashtag\/HalaMadrid?src=hash\">#HalaMadrid<\/a><br \/>\n<a href=\"https:\/\/t.co\/rOzLLPk7gg\">pic.twitter.com\/rOzLLPk7gg<\/a><\/p>\n<p>\u2014 Madridismo Tit\u00e1n &#x1f3c6; (@MadridismoTitan) <a href=\"https:\/\/twitter.com\/MadridismoTitan\/status\/904740214995898368\">4 de septiembre de 2017<\/a><\/p><\/blockquote>\n<p><script async src=\"\/\/platform.twitter.com\/widgets.js\" charset=\"utf-8\"><\/script><\/p>\n","protected":false},"excerpt":{"rendered":"<p>La broma de un tuitero termin\u00f3 siendo replicada por distintos medios de comunicaci\u00f3n.<\/p>\n","protected":false},"author":20,"featured_media":498014,"comment_status":"closed","ping_status":"closed","sticky":false,"template":"","format":"standard","meta":[],"categories":[3839],"tags":[253,7135,292,6012,4086],"_links":{"self":[{"href":"http:\/\/desarrollo.grupomedios.com\/futbol\/wp-json\/wp\/v2\/posts\/498013"}],"collection":[{"href":"http:\/\/desarrollo.grupomedios.com\/futbol\/wp-json\/wp\/v2\/posts"}],"about":[{"href":"http:\/\/desarrollo.grupomedios.com\/futbol\/wp-json\/wp\/v2\/types\/post"}],"author":[{"embeddable":true,"href":"http:\/\/desarrollo.grupomedios.com\/futbol\/wp-json\/wp\/v2\/users\/20"}],"replies":[{"embeddable":true,"href":"http:\/\/desarrollo.grupomedios.com\/futbol\/wp-json\/wp\/v2\/comments?post=498013"}],"version-history":[{"count":3,"href":"http:\/\/desarrollo.grupomedios.com\/futbol\/wp-json\/wp\/v2\/posts\/498013\/revisions"}],"predecessor-version":[{"id":498026,"href":"http:\/\/desarrollo.grupomedios.com\/futbol\/wp-json\/wp\/v2\/posts\/498013\/revisions\/498026"}],"wp:featuredmedia":[{"embeddable":true,"href":"http:\/\/desarrollo.grupomedios.com\/futbol\/wp-json\/wp\/v2\/media\/498014"}],"wp:attachment":[{"href":"http:\/\/desarrollo.grupomedios.com\/futbol\/wp-json\/wp\/v2\/media?parent=498013"}],"wp:term":[{"taxonomy":"category","embeddable":true,"href":"http:\/\/desarrollo.grupomedios.com\/futbol\/wp-json\/wp\/v2\/categories?post=498013"},{"taxonomy":"post_tag","embeddable":true,"href":"http:\/\/desarrollo.grupomedios.com\/futbol\/wp-json\/wp\/v2\/tags?post=498013"}],"curies":[{"name":"wp","href":"https:\/\/api.w.org\/{rel}","templated":true}]}}