{"id":498019,"date":"2017-09-04T12:22:29","date_gmt":"2017-09-04T17:22:29","guid":{"rendered":"https:\/\/www.futboltotal.com.mx\/?p=498019"},"modified":"2017-09-04T12:22:29","modified_gmt":"2017-09-04T17:22:29","slug":"juventus-quiere-iniesta-sea-nuevo-pirlo","status":"publish","type":"post","link":"http:\/\/desarrollo.grupomedios.com\/futbol\/futbol-internacional\/juventus-quiere-iniesta-sea-nuevo-pirlo\/2017\/09","title":{"rendered":"Juventus quiere que Iniesta sea &#8216;su nuevo Pirlo&#8217;"},"content":{"rendered":"<p>La <strong>Juventus<\/strong> quiere seguir buscando un sustituto de<strong> Andrea Pirlo<\/strong> y parece que el elegido ser\u00eda el jugador del Barcelona,<strong> Andr\u00e9s Iniesta<\/strong>.<\/p>\n<p>Seg\u00fan medios espa\u00f1oles, el equipo italiano quiere aprovechar la no renovaci\u00f3n de Iniesta con el Barcelona y seducirlo para que no fiche en la MLS.<\/p>\n<p>Andr\u00e9s Iniesta podr\u00eda ser el nuevo <strong>Pirlo<\/strong> de Juventus, afirman medios italianos. Aseguran que la <em>Vecchia Signora<\/em> se acerc\u00f3 al crack de Barcelona para seducirlo y lograr que se sume al conjunto turin\u00e9s.<\/p>\n<p style=\"text-align: center;\"><span style=\"color: #3366ff;\"><a style=\"color: #3366ff;\" href=\"https:\/\/www.futboltotal.com.mx\/2017\/09\/ex-del-barcelona-confiesa-la-prensa-me-quiso-matar-fumo\/\">VER M\u00c1S: Ex del Barcelona confiesa: \u201cLa prensa me quiso matar. Fumo, \u00bfy?\u201d<\/a><\/span><\/p>\n<p>&#8220;Andr\u00e9s Iniesta, que a\u00fan no ha renovado su contrato con el <strong>Barcelona<\/strong>, ser\u00eda el jugador escogido por la Juventus para reforzar a su equipo el pr\u00f3ximo verano. <strong>Iniesta<\/strong> ocupar\u00eda el papel que ha dejado <strong>Pirlo<\/strong>&#8220;, detallan.<\/p>\n<p>En la temporada anterior, Iniesta no disput\u00f3 ta campa\u00f1a completa y en muchos juegos termin\u00f3 como suplente, por lo que puso en duda su continuidad.<\/p>\n<p>&#8220;La falta de un acuerdo de <strong>Iniesta<\/strong> con <strong>Barcelona<\/strong> para renovar su actual contrato hace que el capit\u00e1n del FC Barcelona sea un jugador deseado por la <strong>Juventus<\/strong>. Una lista en la que, seg\u00fan la misma informaci\u00f3n, tambi\u00e9n hay otros jugadores como Emre Can del Liverpool o Goretzka del Schalke 04&#8243;, concluyen<\/p>\n","protected":false},"excerpt":{"rendered":"<p>Los italianos quieren aprovechar la calidad del Fantasmita.<\/p>\n","protected":false},"author":20,"featured_media":494075,"comment_status":"closed","ping_status":"closed","sticky":false,"template":"","format":"standard","meta":[],"categories":[3839,3844],"tags":[5984,1293,5999],"_links":{"self":[{"href":"http:\/\/desarrollo.grupomedios.com\/futbol\/wp-json\/wp\/v2\/posts\/498019"}],"collection":[{"href":"http:\/\/desarrollo.grupomedios.com\/futbol\/wp-json\/wp\/v2\/posts"}],"about":[{"href":"http:\/\/desarrollo.grupomedios.com\/futbol\/wp-json\/wp\/v2\/types\/post"}],"author":[{"embeddable":true,"href":"http:\/\/desarrollo.grupomedios.com\/futbol\/wp-json\/wp\/v2\/users\/20"}],"replies":[{"embeddable":true,"href":"http:\/\/desarrollo.grupomedios.com\/futbol\/wp-json\/wp\/v2\/comments?post=498019"}],"version-history":[{"count":2,"href":"http:\/\/desarrollo.grupomedios.com\/futbol\/wp-json\/wp\/v2\/posts\/498019\/revisions"}],"predecessor-version":[{"id":498035,"href":"http:\/\/desarrollo.grupomedios.com\/futbol\/wp-json\/wp\/v2\/posts\/498019\/revisions\/498035"}],"wp:featuredmedia":[{"embeddable":true,"href":"http:\/\/desarrollo.grupomedios.com\/futbol\/wp-json\/wp\/v2\/media\/494075"}],"wp:attachment":[{"href":"http:\/\/desarrollo.grupomedios.com\/futbol\/wp-json\/wp\/v2\/media?parent=498019"}],"wp:term":[{"taxonomy":"category","embeddable":true,"href":"http:\/\/desarrollo.grupomedios.com\/futbol\/wp-json\/wp\/v2\/categories?post=498019"},{"taxonomy":"post_tag","embeddable":true,"href":"http:\/\/desarrollo.grupomedios.com\/futbol\/wp-json\/wp\/v2\/tags?post=498019"}],"curies":[{"name":"wp","href":"https:\/\/api.w.org\/{rel}","templated":true}]}}