{"id":498037,"date":"2017-09-04T14:14:44","date_gmt":"2017-09-04T19:14:44","guid":{"rendered":"https:\/\/www.futboltotal.com.mx\/?p=498037"},"modified":"2017-09-04T14:14:44","modified_gmt":"2017-09-04T19:14:44","slug":"busquets-pide-pitar-a-jugadores-en-espana","status":"publish","type":"post","link":"http:\/\/desarrollo.grupomedios.com\/futbol\/futbol-internacional\/busquets-pide-pitar-a-jugadores-en-espana\/2017\/09","title":{"rendered":"Busquets pide no pitar a jugadores en Espa\u00f1a"},"content":{"rendered":"<p><strong>Sergio Busquets<\/strong>, centrocampista del <strong>Barcelona<\/strong>, calific\u00f3 con un 9,5 el comportamiento de la afici\u00f3n espa\u00f1ola que acudi\u00f3 el s\u00e1bado al Santiago Bernab\u00e9u ante Italia, pero lament\u00f3 los silbidos a <strong>Gerard Piqu\u00e9<\/strong> porque, dijo, afectan a todos los jugadores, y pidi\u00f3 que se dejen &#8220;las tonter\u00edas de lado&#8221;.<\/p>\n<p>&#8220;No hay que individualizar, seas del <strong>Barcelona<\/strong> o del equipo que seas, lo importante es que la afici\u00f3n est\u00e9 con nosotros y que todos vayamos a una porque ser\u00e1 m\u00e1s f\u00e1cil y nosotros lo notaremos desde el campo. Influir\u00e1 de forma positiva&#8221;, afirm\u00f3 en rueda de prensa en Vaduz.<\/p>\n<p style=\"text-align: center;\"><span style=\"color: #3366ff;\"><a style=\"color: #3366ff;\" href=\"https:\/\/www.futboltotal.com.mx\/2017\/09\/selecciones-estan-clasificar-al-mundial\/\">VER M\u00c1S: \u00bfQu\u00e9 selecciones est\u00e1n por clasificar al Mundial?<\/a><\/span><\/p>\n<p>&#8220;La afici\u00f3n estuvo de nueve y medio porque al inicio algunos pitos se escucharon, pero estuvieron de inicio a final con nosotros apoyando cuando ellos tuvieron la posesi\u00f3n de la pelota. Nos empujaron y ojal\u00e1 sea as\u00ed en todos los campos. Dejemos estas tonter\u00edas de lado porque piensan que es individual, pero es generalizado, nos afecta a todos. Hay que estar unidos y apoyarnos&#8221;, a\u00f1adi\u00f3 <strong>Busquets<\/strong>.<\/p>\n<p>Por \u00faltimo, huy\u00f3 de las comparaciones entre Andr\u00e9s Iniesta e Isco Alarc\u00f3n: &#8220;A m\u00ed no me gusta compararlos. Son dos jugadores con una calidad espectacular, pero distintos. Tener jugadores como ellos es un placer&#8221;. EFE<\/p>\n","protected":false},"excerpt":{"rendered":"<p>Pidi\u00f3 apoyar sin importar el club que seas.<\/p>\n","protected":false},"author":144,"featured_media":498039,"comment_status":"closed","ping_status":"closed","sticky":false,"template":"","format":"standard","meta":[],"categories":[3839],"tags":[253,6015,6031],"_links":{"self":[{"href":"http:\/\/desarrollo.grupomedios.com\/futbol\/wp-json\/wp\/v2\/posts\/498037"}],"collection":[{"href":"http:\/\/desarrollo.grupomedios.com\/futbol\/wp-json\/wp\/v2\/posts"}],"about":[{"href":"http:\/\/desarrollo.grupomedios.com\/futbol\/wp-json\/wp\/v2\/types\/post"}],"author":[{"embeddable":true,"href":"http:\/\/desarrollo.grupomedios.com\/futbol\/wp-json\/wp\/v2\/users\/144"}],"replies":[{"embeddable":true,"href":"http:\/\/desarrollo.grupomedios.com\/futbol\/wp-json\/wp\/v2\/comments?post=498037"}],"version-history":[{"count":1,"href":"http:\/\/desarrollo.grupomedios.com\/futbol\/wp-json\/wp\/v2\/posts\/498037\/revisions"}],"predecessor-version":[{"id":498040,"href":"http:\/\/desarrollo.grupomedios.com\/futbol\/wp-json\/wp\/v2\/posts\/498037\/revisions\/498040"}],"wp:featuredmedia":[{"embeddable":true,"href":"http:\/\/desarrollo.grupomedios.com\/futbol\/wp-json\/wp\/v2\/media\/498039"}],"wp:attachment":[{"href":"http:\/\/desarrollo.grupomedios.com\/futbol\/wp-json\/wp\/v2\/media?parent=498037"}],"wp:term":[{"taxonomy":"category","embeddable":true,"href":"http:\/\/desarrollo.grupomedios.com\/futbol\/wp-json\/wp\/v2\/categories?post=498037"},{"taxonomy":"post_tag","embeddable":true,"href":"http:\/\/desarrollo.grupomedios.com\/futbol\/wp-json\/wp\/v2\/tags?post=498037"}],"curies":[{"name":"wp","href":"https:\/\/api.w.org\/{rel}","templated":true}]}}