{"id":498046,"date":"2017-09-04T15:30:07","date_gmt":"2017-09-04T20:30:07","guid":{"rendered":"https:\/\/www.futboltotal.com.mx\/?p=498046"},"modified":"2017-09-04T15:30:07","modified_gmt":"2017-09-04T20:30:07","slug":"tigres-sigue-reforzandose-fichara-al-colombiano-larry-vasquez","status":"publish","type":"post","link":"http:\/\/desarrollo.grupomedios.com\/futbol\/destacado-home\/tigres-sigue-reforzandose-fichara-al-colombiano-larry-vasquez\/2017\/09","title":{"rendered":"Tigres sigue reforz\u00e1ndose: fichar\u00e1 al colombiano Larry V\u00e1squez"},"content":{"rendered":"<p>Apenas son\u00f3 la inminente l<a href=\"https:\/\/www.futboltotal.com.mx\/2017\/09\/tigres-a-punto-fichar-defensor-frances-bundesliga\/\" target=\"_blank\" rel=\"noopener noreferrer\"><span style=\"color: #333399;\">legada del defensor franc\u00e9s\u00a0<strong>Timoth\u00e9e Kolodziejczak<\/strong><\/span><\/a> a<strong> Tigres<\/strong> y el cuadro regio est\u00e1 cerca de oficializar el fichaje de un mediocampista colombiano, <strong>Larry V\u00e1squez<\/strong>.<\/p>\n<p><strong>V\u00e1squez<\/strong>, a\u00fan jugador del <strong>Patriotas Boyac\u00e1<\/strong>, ser\u00eda aparentemente la \u00faltima incorporaci\u00f3n del conjunto de la <strong>UANL<\/strong> para encarar el presente torneo Apertura 2017, engrosando a\u00fan m\u00e1s su ya poderosa plantilla.<\/p>\n<p><iframe loading=\"lazy\" src=\"https:\/\/www.youtube.com\/embed\/K76E9AOBLqA\" frameborder=\"0\" allowfullscreen=\"allowfullscreen\"><\/iframe><\/p>\n<p>&#8220;<strong>Larry V\u00e1squez<\/strong> viene tambi\u00e9n, esperemos que este arribando por la tarde, ya se platic\u00f3 con <strong>Patriotas<\/strong>, es su capit\u00e1n y lo estamos esperando, viene para el primer equipo. Juega en la media cancha y viene a complementar al Club Tigres&#8221;, declar\u00f3\u00a0Miguel \u00c1ngel Garza, consejero delegado del equipo.<\/p>\n<p style=\"text-align: center;\"><a href=\"https:\/\/www.futboltotal.com.mx\/2017\/09\/landin-confiesa-que-el-alcohol-casi-acabo-su-carrera\/\" target=\"_blank\" rel=\"noopener noreferrer\"><span style=\"color: #333399;\">VER M\u00c1S: Land\u00edn confiesa que el alcohol casi acaba con su carrera<\/span><\/a><\/p>\n<p>&nbsp;<\/p>\n<blockquote class=\"twitter-video\" data-lang=\"es\">\n<p dir=\"ltr\" lang=\"es\">Miguel Garza fue quien confirm\u00f3 la llegada de Larry V\u00e1squez. <a href=\"https:\/\/t.co\/itKbWe0JgA\">pic.twitter.com\/itKbWe0JgA<\/a><\/p>\n<p>\u2014 Jorge Rosales (@rosaleesj) <a href=\"https:\/\/twitter.com\/rosaleesj\/status\/904749877191737344\">4 de septiembre de 2017<\/a><\/p><\/blockquote>\n<p><script async src=\"\/\/platform.twitter.com\/widgets.js\" charset=\"utf-8\"><\/script><\/p>\n<p>Asimismo, el directivo de los norte\u00f1os habl\u00f3 acerca de la llegada del franc\u00e9s <em><strong>Kolo<\/strong><\/em>, quien parece podr\u00eda no convertirse en jugador de los <strong>Tigres<\/strong> en los pr\u00f3ximos d\u00edas.<\/p>\n<p>&#8220;\u00c9l (<strong>Kolodziejczak<\/strong>) est\u00e1 viajando, faltan los ex\u00e1menes m\u00e9dicos, esperemos que nos den los tiempos y si no lo intentaremos para enero. Ayer se terminaron las \u00faltimas negociaciones, el \u00fanico impedimento que podemos tener es el cierre de registros&#8221;, agreg\u00f3.<\/p>\n","protected":false},"excerpt":{"rendered":"<p>El cuadro regio sigue trabajando para engrosar su poderosa plantilla.<\/p>\n","protected":false},"author":20,"featured_media":498047,"comment_status":"closed","ping_status":"closed","sticky":false,"template":"","format":"standard","meta":[],"categories":[5,7740,3839,2198,3845],"tags":[10074,64,8606,5973,444],"_links":{"self":[{"href":"http:\/\/desarrollo.grupomedios.com\/futbol\/wp-json\/wp\/v2\/posts\/498046"}],"collection":[{"href":"http:\/\/desarrollo.grupomedios.com\/futbol\/wp-json\/wp\/v2\/posts"}],"about":[{"href":"http:\/\/desarrollo.grupomedios.com\/futbol\/wp-json\/wp\/v2\/types\/post"}],"author":[{"embeddable":true,"href":"http:\/\/desarrollo.grupomedios.com\/futbol\/wp-json\/wp\/v2\/users\/20"}],"replies":[{"embeddable":true,"href":"http:\/\/desarrollo.grupomedios.com\/futbol\/wp-json\/wp\/v2\/comments?post=498046"}],"version-history":[{"count":1,"href":"http:\/\/desarrollo.grupomedios.com\/futbol\/wp-json\/wp\/v2\/posts\/498046\/revisions"}],"predecessor-version":[{"id":498048,"href":"http:\/\/desarrollo.grupomedios.com\/futbol\/wp-json\/wp\/v2\/posts\/498046\/revisions\/498048"}],"wp:featuredmedia":[{"embeddable":true,"href":"http:\/\/desarrollo.grupomedios.com\/futbol\/wp-json\/wp\/v2\/media\/498047"}],"wp:attachment":[{"href":"http:\/\/desarrollo.grupomedios.com\/futbol\/wp-json\/wp\/v2\/media?parent=498046"}],"wp:term":[{"taxonomy":"category","embeddable":true,"href":"http:\/\/desarrollo.grupomedios.com\/futbol\/wp-json\/wp\/v2\/categories?post=498046"},{"taxonomy":"post_tag","embeddable":true,"href":"http:\/\/desarrollo.grupomedios.com\/futbol\/wp-json\/wp\/v2\/tags?post=498046"}],"curies":[{"name":"wp","href":"https:\/\/api.w.org\/{rel}","templated":true}]}}