{"id":498053,"date":"2017-09-04T15:55:43","date_gmt":"2017-09-04T20:55:43","guid":{"rendered":"https:\/\/www.futboltotal.com.mx\/?p=498053"},"modified":"2017-09-04T15:55:43","modified_gmt":"2017-09-04T20:55:43","slug":"zinedine-zidane-rompio-en-llanto-este-video","status":"publish","type":"post","link":"http:\/\/desarrollo.grupomedios.com\/futbol\/futbol-internacional\/zinedine-zidane-rompio-en-llanto-este-video\/2017\/09","title":{"rendered":"Zinedine Zidane rompi\u00f3 en llanto por este video"},"content":{"rendered":"<p><strong>Zinedine Zidane<\/strong> siempre se ha mostrado como alguien serio, pero ahora el entrenador del Real Madrid mostr\u00f3 su lado m\u00e1s humano al romper en llanto cuando se entrevist\u00f3 con el medio franc\u00e9s T\u00e9l\u00e9foot.<\/p>\n<p>El motivo por el que<em> Zizou<\/em> solt\u00f3 las l\u00e1grimas fue por un video donde su padre , <strong>Sma\u00efl Zidane<\/strong>, hablaba de \u00e9l como jugador cuando pas\u00f3 por la Juventus de Italia.<\/p>\n<p>\u201cMi padre es mi ejemplo. Mi padre y mi madre siempre han sido nuestras gu\u00edas. Cuando uno se convierte en padre y tiene una vida profesional y emocional buena, creo que han hecho su trabajo bien. Yo trato de aplicar a mis hijos lo que mis padres hicieron\u201d, se\u00f1al\u00f3 <strong>Zidane<\/strong> en la entrevista.<\/p>\n<p style=\"text-align: center;\"><span style=\"color: #3366ff;\"><a style=\"color: #3366ff;\" href=\"https:\/\/www.futboltotal.com.mx\/2017\/09\/leverkusen-perdio-miles-fans-culpa-chicharito\/\">VER M\u00c1S: Leverkusen perdi\u00f3 miles de fans por culpa de Chicharito<\/a><\/span><\/p>\n<blockquote class=\"twitter-tweet\" data-width=\"500\">\n<p lang=\"es\" dir=\"ltr\">El Zidane m\u00e1s sincero, m\u00e1s humano. Se emociona \u00e9l y nos emocionados todos. <a href=\"https:\/\/t.co\/TWS36C7Ovu\">pic.twitter.com\/TWS36C7Ovu<\/a><\/p>\n<p>&mdash; Eterno Campe\u00f3n (@EternoCampeon_) <a href=\"https:\/\/twitter.com\/EternoCampeon_\/status\/904690209127882754\">September 4, 2017<\/a><\/p><\/blockquote>\n<p><script async src=\"\/\/platform.twitter.com\/widgets.js\" charset=\"utf-8\"><\/script><\/p>\n<p>Adem\u00e1s, el medio tambi\u00e9n habl\u00f3 de otros temas importantes en la carrera del franc\u00e9s, como lo fue ganar el Mundial con Francia en el 98, el gol al Bayer Leverkusen en la Final de la Champions League 2001 y el cabezazo a Marco Materazzi en el Mundial de 2006, del cual dijo no estar orgulloso.<\/p>\n<p style=\"text-align: center;\"><span style=\"color: #3366ff;\"><a style=\"color: #3366ff;\" href=\"https:\/\/www.futboltotal.com.mx\/2017\/09\/ellos-son-los-mexicanos-que-estaran-champions-league\/\">VER M\u00c1S: Ellos son los mexicanos que estar\u00e1n en Champions League<\/a><\/span><\/p>\n<p>\u201cNo estoy orgulloso de ese gesto. He pedido disculpas a todos los j\u00f3venes y entrenadores que hacen que el futbol sea otra cosa, pero forma parte de mi carrera y de mi vida y hay que aceptarlo\u201d, precis\u00f3.<\/p>\n<p><em>T\u00e9l\u00e9foot<\/em> celebr\u00f3 su 40 aniversario y con motivo de ello realiz\u00f3 un reportaje sobre <strong>Zidane<\/strong>.<\/p>\n","protected":false},"excerpt":{"rendered":"<p>El entrenador no pudo contener las l\u00e1grimas.<\/p>\n","protected":false},"author":20,"featured_media":493970,"comment_status":"closed","ping_status":"closed","sticky":false,"template":"","format":"standard","meta":[],"categories":[3839,3844],"tags":[6214,2215],"_links":{"self":[{"href":"http:\/\/desarrollo.grupomedios.com\/futbol\/wp-json\/wp\/v2\/posts\/498053"}],"collection":[{"href":"http:\/\/desarrollo.grupomedios.com\/futbol\/wp-json\/wp\/v2\/posts"}],"about":[{"href":"http:\/\/desarrollo.grupomedios.com\/futbol\/wp-json\/wp\/v2\/types\/post"}],"author":[{"embeddable":true,"href":"http:\/\/desarrollo.grupomedios.com\/futbol\/wp-json\/wp\/v2\/users\/20"}],"replies":[{"embeddable":true,"href":"http:\/\/desarrollo.grupomedios.com\/futbol\/wp-json\/wp\/v2\/comments?post=498053"}],"version-history":[{"count":1,"href":"http:\/\/desarrollo.grupomedios.com\/futbol\/wp-json\/wp\/v2\/posts\/498053\/revisions"}],"predecessor-version":[{"id":498058,"href":"http:\/\/desarrollo.grupomedios.com\/futbol\/wp-json\/wp\/v2\/posts\/498053\/revisions\/498058"}],"wp:featuredmedia":[{"embeddable":true,"href":"http:\/\/desarrollo.grupomedios.com\/futbol\/wp-json\/wp\/v2\/media\/493970"}],"wp:attachment":[{"href":"http:\/\/desarrollo.grupomedios.com\/futbol\/wp-json\/wp\/v2\/media?parent=498053"}],"wp:term":[{"taxonomy":"category","embeddable":true,"href":"http:\/\/desarrollo.grupomedios.com\/futbol\/wp-json\/wp\/v2\/categories?post=498053"},{"taxonomy":"post_tag","embeddable":true,"href":"http:\/\/desarrollo.grupomedios.com\/futbol\/wp-json\/wp\/v2\/tags?post=498053"}],"curies":[{"name":"wp","href":"https:\/\/api.w.org\/{rel}","templated":true}]}}