{"id":498057,"date":"2017-09-04T16:34:34","date_gmt":"2017-09-04T21:34:34","guid":{"rendered":"https:\/\/www.futboltotal.com.mx\/?p=498057"},"modified":"2017-09-04T17:27:36","modified_gmt":"2017-09-04T22:27:36","slug":"america-aprovecha-la-fecha-fifa-para-recuperar-a-sus-lesionados","status":"publish","type":"post","link":"http:\/\/desarrollo.grupomedios.com\/futbol\/futbol-mexicano\/america-aprovecha-la-fecha-fifa-para-recuperar-a-sus-lesionados\/2017\/09","title":{"rendered":"Am\u00e9rica aprovecha la fecha FIFA para recuperar a sus lesionados"},"content":{"rendered":"<p><strong>Miguel Herrera<\/strong> recupera a sus lesionados, aunque <strong>Pablo Aguilar<\/strong> entren\u00f3 por separado y Renato Ibarra no estuvo presente, las buenas noticias comienzan a llegar al <strong><em>Nido de Coapa<\/em><\/strong>, ya que a pesar de que la lluvia se hizo presente en el entrenamiento de esta ma\u00f1ana; las novedades para las \u00e1guilas fueron la presencia de <strong>Oribe Peralta<\/strong> y <strong>Matheus Uribe<\/strong> qui\u00e9nes ya trabajaron al parejo del equipo.<\/p>\n<p style=\"text-align: center;\">VER M\u00c1S:\u00a0<a href=\"https:\/\/www.futboltotal.com.mx\/2017\/09\/ultima-hora-tigres-se-reforzo-portero\/\" target=\"_blank\" rel=\"noopener noreferrer\">https:\/\/www.futboltotal.com.mx\/2017\/09\/ultima-hora-tigres-se-reforzo-portero\/<\/a><\/p>\n<blockquote class=\"twitter-video\" data-lang=\"es\">\n<p dir=\"ltr\" lang=\"es\">Inicio de semana de \u26bd+\u26c8 en Coapa\u00a0\u2060\u2060\u2060<a href=\"https:\/\/twitter.com\/hashtag\/Siempre%C3%81guilas?src=hash\">#Siempre\u00c1guilas<\/a> <a href=\"https:\/\/t.co\/AcvGcBGueU\">pic.twitter.com\/AcvGcBGueU<\/a><\/p>\n<p>\u2014 Club Am\u00e9rica (@ClubAmerica) <a href=\"https:\/\/twitter.com\/ClubAmerica\/status\/904750142535852032\">4 de septiembre de 2017<\/a><\/p><\/blockquote>\n<p><script async src=\"\/\/platform.twitter.com\/widgets.js\" charset=\"utf-8\"><\/script><br \/>\nLa fecha FIFA le est\u00e1 sirviendo al conjunto azulcrema para recuperar a hombres vitales en el funcionamiento del esquema de <strong>Miguel Herrera<\/strong>, de cara a retomar la actividad de la Liga en d\u00f3nde <strong>Am\u00e9rica<\/strong> enfrentar\u00e1 a <strong>Veracruz.<\/strong><\/p>\n<p><strong><em>El Piojo<\/em><\/strong> podr\u00eda contar con la presencia de <strong>Matheus Uribe<\/strong> qui\u00e9n estuvo fuera por 15 d\u00edas debido a la lesi\u00f3n que ya arrastraba con \u00e9l. El duelo ser\u00e1 por la <strong>jornada 8<\/strong> del <strong>Apertura 2017<\/strong> y las \u00e1guilas buscar\u00e1n mantenerse en la segunda posici\u00f3n de la tabla general.<\/p>\n","protected":false},"excerpt":{"rendered":"<p>Am\u00e9rica contar\u00e1 con Oribe Peralta y Matheus Uribe en el regreso a la actividad de la Liga MX.<\/p>\n","protected":false},"author":20,"featured_media":498086,"comment_status":"closed","ping_status":"closed","sticky":false,"template":"","format":"standard","meta":[],"categories":[2198,3845],"tags":[5959,3061,64,10076,62,6049],"_links":{"self":[{"href":"http:\/\/desarrollo.grupomedios.com\/futbol\/wp-json\/wp\/v2\/posts\/498057"}],"collection":[{"href":"http:\/\/desarrollo.grupomedios.com\/futbol\/wp-json\/wp\/v2\/posts"}],"about":[{"href":"http:\/\/desarrollo.grupomedios.com\/futbol\/wp-json\/wp\/v2\/types\/post"}],"author":[{"embeddable":true,"href":"http:\/\/desarrollo.grupomedios.com\/futbol\/wp-json\/wp\/v2\/users\/20"}],"replies":[{"embeddable":true,"href":"http:\/\/desarrollo.grupomedios.com\/futbol\/wp-json\/wp\/v2\/comments?post=498057"}],"version-history":[{"count":2,"href":"http:\/\/desarrollo.grupomedios.com\/futbol\/wp-json\/wp\/v2\/posts\/498057\/revisions"}],"predecessor-version":[{"id":498087,"href":"http:\/\/desarrollo.grupomedios.com\/futbol\/wp-json\/wp\/v2\/posts\/498057\/revisions\/498087"}],"wp:featuredmedia":[{"embeddable":true,"href":"http:\/\/desarrollo.grupomedios.com\/futbol\/wp-json\/wp\/v2\/media\/498086"}],"wp:attachment":[{"href":"http:\/\/desarrollo.grupomedios.com\/futbol\/wp-json\/wp\/v2\/media?parent=498057"}],"wp:term":[{"taxonomy":"category","embeddable":true,"href":"http:\/\/desarrollo.grupomedios.com\/futbol\/wp-json\/wp\/v2\/categories?post=498057"},{"taxonomy":"post_tag","embeddable":true,"href":"http:\/\/desarrollo.grupomedios.com\/futbol\/wp-json\/wp\/v2\/tags?post=498057"}],"curies":[{"name":"wp","href":"https:\/\/api.w.org\/{rel}","templated":true}]}}