{"id":498090,"date":"2017-09-04T17:53:37","date_gmt":"2017-09-04T22:53:37","guid":{"rendered":"https:\/\/www.futboltotal.com.mx\/?p=498090"},"modified":"2017-09-04T17:54:44","modified_gmt":"2017-09-04T22:54:44","slug":"piojo-forma-recibir-a-cuauhtemoc-blanco","status":"publish","type":"post","link":"http:\/\/desarrollo.grupomedios.com\/futbol\/cambio-de-juego\/piojo-forma-recibir-a-cuauhtemoc-blanco\/2017\/09","title":{"rendered":"Piojo y su forma de recibir a Cuauht\u00e9moc Blanco"},"content":{"rendered":"<p>El ex portero y ahora comentarista,<strong> F\u00e9lix Fern\u00e1ndez<\/strong> public\u00f3 un video en el que aparece<strong> Miguel Herrera<\/strong> &#8216;d\u00e1ndole&#8217; la bienvenida a <strong>Cuauht\u00e9moc Blanco<\/strong>.<\/p>\n<p>En su publicaci\u00f3n se puede ver al &#8216;Cuau&#8217; vistiendo la camiseta del <strong>Am\u00e9rica<\/strong> y al &#8216;Piojo&#8217; con la del <strong>Atlante<\/strong>. Herrera, al no poder despojar el esf\u00e9rica al americanista, le propin\u00f3 una serie de patadas en el suelo.<\/p>\n<p style=\"text-align: center;\"><span style=\"color: #333399;\"><a style=\"color: #333399;\" href=\"https:\/\/www.futboltotal.com.mx\/2017\/09\/necaxa-oficial-la-llegada-matias-fernandez\/\" target=\"_blank\" rel=\"noopener noreferrer\">VER M\u00c1S: Necaxa hace oficial la llegada de este chileno<\/a><\/span><\/p>\n<p>El encuentro se dio en la \u00a0<strong>jornada 34 de la temporada 1992-93<\/strong>; al &#8216;Piojo&#8217; siempre se le conoci\u00f3 por su juego rudo que le vali\u00f3 varias tarjetas rojas en su carrera.<\/p>\n<blockquote class=\"twitter-video\" data-lang=\"es\">\n<p dir=\"ltr\" lang=\"es\">Las presento el recibimiento en Primera Divisi\u00f3n de <a href=\"https:\/\/twitter.com\/cuauhtemocb10\">@cuauhtemocb10<\/a>, cortes\u00eda de <a href=\"https:\/\/twitter.com\/MiguelHerreraDT\">@MiguelHerreraDT<\/a>. 1993. <a href=\"https:\/\/t.co\/os8AHbmtuk\">pic.twitter.com\/os8AHbmtuk<\/a><\/p>\n<p>\u2014 Felix Fernandez (@Felixatlante12) <a href=\"https:\/\/twitter.com\/Felixatlante12\/status\/902296319817125889\">28 de agosto de 2017<\/a><\/p><\/blockquote>\n<p><script async src=\"\/\/platform.twitter.com\/widgets.js\" charset=\"utf-8\"><\/script><\/p>\n<p style=\"text-align: center;\"><span style=\"color: #333399;\"><a style=\"color: #333399;\" href=\"https:\/\/www.futboltotal.com.mx\/2017\/09\/tigres-sigue-reforzandose-fichara-colombiano-larry-vasquez\/\" target=\"_blank\" rel=\"noopener noreferrer\">VER M\u00c1S: Tigres fichar\u00e1 a este colombiano<\/a><\/span><\/p>\n","protected":false},"excerpt":{"rendered":"<p>El entonces atlantista le dio con todo al &#8216;Cuau&#8217;<\/p>\n","protected":false},"author":20,"featured_media":482164,"comment_status":"closed","ping_status":"closed","sticky":false,"template":"","format":"standard","meta":[],"categories":[5419],"tags":[5959,5960,998,255],"_links":{"self":[{"href":"http:\/\/desarrollo.grupomedios.com\/futbol\/wp-json\/wp\/v2\/posts\/498090"}],"collection":[{"href":"http:\/\/desarrollo.grupomedios.com\/futbol\/wp-json\/wp\/v2\/posts"}],"about":[{"href":"http:\/\/desarrollo.grupomedios.com\/futbol\/wp-json\/wp\/v2\/types\/post"}],"author":[{"embeddable":true,"href":"http:\/\/desarrollo.grupomedios.com\/futbol\/wp-json\/wp\/v2\/users\/20"}],"replies":[{"embeddable":true,"href":"http:\/\/desarrollo.grupomedios.com\/futbol\/wp-json\/wp\/v2\/comments?post=498090"}],"version-history":[{"count":2,"href":"http:\/\/desarrollo.grupomedios.com\/futbol\/wp-json\/wp\/v2\/posts\/498090\/revisions"}],"predecessor-version":[{"id":498094,"href":"http:\/\/desarrollo.grupomedios.com\/futbol\/wp-json\/wp\/v2\/posts\/498090\/revisions\/498094"}],"wp:featuredmedia":[{"embeddable":true,"href":"http:\/\/desarrollo.grupomedios.com\/futbol\/wp-json\/wp\/v2\/media\/482164"}],"wp:attachment":[{"href":"http:\/\/desarrollo.grupomedios.com\/futbol\/wp-json\/wp\/v2\/media?parent=498090"}],"wp:term":[{"taxonomy":"category","embeddable":true,"href":"http:\/\/desarrollo.grupomedios.com\/futbol\/wp-json\/wp\/v2\/categories?post=498090"},{"taxonomy":"post_tag","embeddable":true,"href":"http:\/\/desarrollo.grupomedios.com\/futbol\/wp-json\/wp\/v2\/tags?post=498090"}],"curies":[{"name":"wp","href":"https:\/\/api.w.org\/{rel}","templated":true}]}}