{"id":498100,"date":"2017-09-04T18:41:39","date_gmt":"2017-09-04T23:41:39","guid":{"rendered":"https:\/\/www.futboltotal.com.mx\/?p=498100"},"modified":"2017-09-04T18:41:39","modified_gmt":"2017-09-04T23:41:39","slug":"dele-alli-jugador-inglaterra-sena-obscena","status":"publish","type":"post","link":"http:\/\/desarrollo.grupomedios.com\/futbol\/futbol-internacional\/dele-alli-jugador-inglaterra-sena-obscena\/2017\/09","title":{"rendered":"Dele Alli, jugador de Inglaterra, hizo se\u00f1a obscena"},"content":{"rendered":"<p><strong>Dele Alli<\/strong>, mediocampista de<strong> Inglaterra<\/strong>, realiz\u00f3 una se\u00f1a obscena durante el partido de <strong>Eslovaquia<\/strong> en las eliminatorias de <strong>Rusia 2018<\/strong>.<\/p>\n<p>El jugador del Tottenham mostr\u00f3 su molestia durante el juego, aunque no se sabe con exactitud hacia qui\u00e9n fue la se\u00f1a que realiz\u00f3,<strong> levantando el dedo medio de la mano<\/strong>.<\/p>\n<p style=\"text-align: center;\"><span style=\"color: #333399;\"><a style=\"color: #333399;\" href=\"https:\/\/www.futboltotal.com.mx\/2017\/09\/necaxa-oficial-la-llegada-matias-fernandez\/\" target=\"_blank\" rel=\"noopener noreferrer\">VER M\u00c1S: Necaxa hace oficial la llegada de Mat\u00edas Fern\u00e1ndez<\/a><\/span><\/p>\n<p>Su selecci\u00f3n gan\u00f3 2-1 y el mediocampista se perder\u00e1 el pr\u00f3ximo partido por suspensi\u00f3n, luego acumular tarjetas amarillas.<\/p>\n<blockquote class=\"twitter-video\" data-lang=\"es\">\n<p dir=\"ltr\" lang=\"fr\">Delle Alli aurait d\u00fb r\u00e9fl\u00e9chir avant d&#8217;adresser ce doigt d&#8217;honneur \u00e0 Clement Turpin&#8230;<\/p>\n<p><a href=\"https:\/\/t.co\/JXgzuMGp95\">pic.twitter.com\/JXgzuMGp95<\/a><\/p>\n<p>\u2014 L&#8217;OlymTeam (@OlymTeam) <a href=\"https:\/\/twitter.com\/OlymTeam\/status\/904830767733276673\">4 de septiembre de 2017<\/a><\/p><\/blockquote>\n<p><script async src=\"\/\/platform.twitter.com\/widgets.js\" charset=\"utf-8\"><\/script><\/p>\n<p style=\"text-align: center;\"><span style=\"color: #333399;\"><a style=\"color: #333399;\" href=\"https:\/\/www.futboltotal.com.mx\/2017\/09\/ellos-son-los-mexicanos-que-estaran-champions-league\/\" target=\"_blank\" rel=\"noopener noreferrer\">VER M\u00c1S: Estos son los mexicanos que estar\u00e1n en Champions League\u00a0<\/a><\/span><\/p>\n","protected":false},"excerpt":{"rendered":"<p>El jugador se enfad\u00f3 aunque no se sabe la raz\u00f3n<\/p>\n","protected":false},"author":20,"featured_media":404201,"comment_status":"closed","ping_status":"closed","sticky":false,"template":"","format":"standard","meta":[],"categories":[3839],"tags":[6937,603,2232,228],"_links":{"self":[{"href":"http:\/\/desarrollo.grupomedios.com\/futbol\/wp-json\/wp\/v2\/posts\/498100"}],"collection":[{"href":"http:\/\/desarrollo.grupomedios.com\/futbol\/wp-json\/wp\/v2\/posts"}],"about":[{"href":"http:\/\/desarrollo.grupomedios.com\/futbol\/wp-json\/wp\/v2\/types\/post"}],"author":[{"embeddable":true,"href":"http:\/\/desarrollo.grupomedios.com\/futbol\/wp-json\/wp\/v2\/users\/20"}],"replies":[{"embeddable":true,"href":"http:\/\/desarrollo.grupomedios.com\/futbol\/wp-json\/wp\/v2\/comments?post=498100"}],"version-history":[{"count":1,"href":"http:\/\/desarrollo.grupomedios.com\/futbol\/wp-json\/wp\/v2\/posts\/498100\/revisions"}],"predecessor-version":[{"id":498101,"href":"http:\/\/desarrollo.grupomedios.com\/futbol\/wp-json\/wp\/v2\/posts\/498100\/revisions\/498101"}],"wp:featuredmedia":[{"embeddable":true,"href":"http:\/\/desarrollo.grupomedios.com\/futbol\/wp-json\/wp\/v2\/media\/404201"}],"wp:attachment":[{"href":"http:\/\/desarrollo.grupomedios.com\/futbol\/wp-json\/wp\/v2\/media?parent=498100"}],"wp:term":[{"taxonomy":"category","embeddable":true,"href":"http:\/\/desarrollo.grupomedios.com\/futbol\/wp-json\/wp\/v2\/categories?post=498100"},{"taxonomy":"post_tag","embeddable":true,"href":"http:\/\/desarrollo.grupomedios.com\/futbol\/wp-json\/wp\/v2\/tags?post=498100"}],"curies":[{"name":"wp","href":"https:\/\/api.w.org\/{rel}","templated":true}]}}