{"id":498102,"date":"2017-09-04T19:08:16","date_gmt":"2017-09-05T00:08:16","guid":{"rendered":"https:\/\/www.futboltotal.com.mx\/?p=498102"},"modified":"2017-09-04T19:08:16","modified_gmt":"2017-09-05T00:08:16","slug":"higuera-visita-a-rangers-a-gullit-pena","status":"publish","type":"post","link":"http:\/\/desarrollo.grupomedios.com\/futbol\/cambio-de-juego\/higuera-visita-a-rangers-a-gullit-pena\/2017\/09","title":{"rendered":"Higuera visita a Rangers pero no a Gullit Pe\u00f1a"},"content":{"rendered":"<p><strong>Jos\u00e9 Luis Higuera<\/strong>, CEO de <strong>Grupo Omnilife-Chivas<\/strong>, se present\u00f3 en las instalaciones del <strong>Rangers<\/strong> de Escocia.<\/p>\n<p>El directivo de Chivas pos\u00f3 en una fotograf\u00eda junto al delantero<strong> Eduardo Herrera<\/strong> y el estratega portugu\u00e9s, <strong>Pedro Caixinha<\/strong>, no as\u00ed con<strong> Carlos<\/strong> <strong>&#8216;Gullit&#8217; Pe\u00f1a<\/strong>.<\/p>\n<blockquote class=\"twitter-tweet\" data-lang=\"es\">\n<p dir=\"ltr\" lang=\"es\">Incre\u00edble ma\u00f1ana!! Aprendiendo de futbol. <a href=\"https:\/\/t.co\/4zHZSgewdl\">pic.twitter.com\/4zHZSgewdl<\/a><\/p>\n<p>\u2014 Jose Luis Higuera B (@JLHB33) <a href=\"https:\/\/twitter.com\/JLHB33\/status\/904688278758195200\">4 de septiembre de 2017<\/a><\/p><\/blockquote>\n<p><script async src=\"\/\/platform.twitter.com\/widgets.js\" charset=\"utf-8\"><\/script><\/p>\n<p style=\"text-align: center;\"><span style=\"color: #333399;\"><a style=\"color: #333399;\" href=\"https:\/\/www.futboltotal.com.mx\/2017\/09\/barcelona-rechazo-2-veces-fichaje-paulo-dybala\/\" target=\"_blank\" rel=\"noopener noreferrer\">VER M\u00c1S: Barcelona rechaz\u00f3 2 veces a Paulo Dybala<\/a><\/span><\/p>\n<p>Adem\u00e1s, expres\u00f3 que hab\u00eda cenado con el estratega del equipo de <strong>Glasgow<\/strong>; y agreg\u00f3 que desea suerte tanto a Lalo como a Gullit, quienes militan en el equipo escoc\u00e9s.<\/p>\n<blockquote class=\"twitter-tweet\" data-lang=\"es\">\n<p dir=\"ltr\" lang=\"es\">Gran cena!!! Aprendiendo mucho de futbol!! Gracias por tu tiempo, inicio gran relacion con <a href=\"https:\/\/twitter.com\/RangersFC\">@RangersFC<\/a> \u00e9xito a <a href=\"https:\/\/twitter.com\/LaloHerrera15\">@LaloHerrera15<\/a> y <a href=\"https:\/\/twitter.com\/G27Gullit\">@G27Gullit<\/a> <a href=\"https:\/\/t.co\/TxKC4e76uF\">pic.twitter.com\/TxKC4e76uF<\/a><\/p>\n<p>\u2014 Jose Luis Higuera B (@JLHB33) <a href=\"https:\/\/twitter.com\/JLHB33\/status\/904811298084573184\">4 de septiembre de 2017<\/a><\/p><\/blockquote>\n<p><script async src=\"\/\/platform.twitter.com\/widgets.js\" charset=\"utf-8\"><\/script><\/p>\n<p>Pe\u00f1a jug\u00f3 para Chivas en 2016, disput\u00f3 43 partidos y anot\u00f3 8 goles.<\/p>\n<p style=\"text-align: center;\"><span style=\"color: #333399;\"><a style=\"color: #333399;\" href=\"https:\/\/www.futboltotal.com.mx\/2017\/09\/necaxa-oficial-la-llegada-matias-fernandez\/\" target=\"_blank\" rel=\"noopener noreferrer\">VER M\u00c1S: Necaxa hace oficial el fichaje bomba chileno<\/a><\/span><\/p>\n","protected":false},"excerpt":{"rendered":"<p>El directivo de Chivas visit\u00f3 al equipo de Escocia<\/p>\n","protected":false},"author":20,"featured_media":498103,"comment_status":"closed","ping_status":"closed","sticky":false,"template":"","format":"standard","meta":[],"categories":[5419],"tags":[2879,1140,1754,7368,8893],"_links":{"self":[{"href":"http:\/\/desarrollo.grupomedios.com\/futbol\/wp-json\/wp\/v2\/posts\/498102"}],"collection":[{"href":"http:\/\/desarrollo.grupomedios.com\/futbol\/wp-json\/wp\/v2\/posts"}],"about":[{"href":"http:\/\/desarrollo.grupomedios.com\/futbol\/wp-json\/wp\/v2\/types\/post"}],"author":[{"embeddable":true,"href":"http:\/\/desarrollo.grupomedios.com\/futbol\/wp-json\/wp\/v2\/users\/20"}],"replies":[{"embeddable":true,"href":"http:\/\/desarrollo.grupomedios.com\/futbol\/wp-json\/wp\/v2\/comments?post=498102"}],"version-history":[{"count":1,"href":"http:\/\/desarrollo.grupomedios.com\/futbol\/wp-json\/wp\/v2\/posts\/498102\/revisions"}],"predecessor-version":[{"id":498104,"href":"http:\/\/desarrollo.grupomedios.com\/futbol\/wp-json\/wp\/v2\/posts\/498102\/revisions\/498104"}],"wp:featuredmedia":[{"embeddable":true,"href":"http:\/\/desarrollo.grupomedios.com\/futbol\/wp-json\/wp\/v2\/media\/498103"}],"wp:attachment":[{"href":"http:\/\/desarrollo.grupomedios.com\/futbol\/wp-json\/wp\/v2\/media?parent=498102"}],"wp:term":[{"taxonomy":"category","embeddable":true,"href":"http:\/\/desarrollo.grupomedios.com\/futbol\/wp-json\/wp\/v2\/categories?post=498102"},{"taxonomy":"post_tag","embeddable":true,"href":"http:\/\/desarrollo.grupomedios.com\/futbol\/wp-json\/wp\/v2\/tags?post=498102"}],"curies":[{"name":"wp","href":"https:\/\/api.w.org\/{rel}","templated":true}]}}