{"id":498127,"date":"2017-09-05T09:45:59","date_gmt":"2017-09-05T14:45:59","guid":{"rendered":"https:\/\/www.futboltotal.com.mx\/?p=498127"},"modified":"2017-09-05T09:45:59","modified_gmt":"2017-09-05T14:45:59","slug":"10-jugadores-fueron-incluidos-en-champions-league","status":"publish","type":"post","link":"http:\/\/desarrollo.grupomedios.com\/futbol\/futbol-internacional\/10-jugadores-fueron-incluidos-en-champions-league\/2017\/09","title":{"rendered":"10 jugadores que no fueron incluidos en Champions League"},"content":{"rendered":"<p>Los <strong>32 clubes<\/strong> que participar\u00e1n en la fase de grupos de la <strong>UEFA Champions League<\/strong> dieron la lista del torneo, en la cual faltaron algunos nombres que parec\u00edan importantes para el torneo.<\/p>\n<p>El delantero espa\u00f1ol del <strong>Chelsea<\/strong>, <strong>Diego Costa<\/strong>, no fue inscrito en el torneo con el equipo ingl\u00e9s; tal vez en espera que para enero est\u00e9 vistiendo los colores del <strong>Atl\u00e9tico de Madrid<\/strong>.<\/p>\n<p>Por otro lado, <strong>Borussia Dortmund<\/strong> no inscribi\u00f3 al mediocampista <strong>Marco Reus<\/strong>, quien sufri\u00f3 una lesi\u00f3n donde se rompi\u00f3 parcialmente el ligamento cruzado de la rodilla derecha; un futbolista talentoso que ha sufrido con las lesiones toda su carrera.<\/p>\n<p style=\"text-align: center;\"><span style=\"color: #333399;\"><a style=\"color: #333399;\" href=\"https:\/\/www.futboltotal.com.mx\/2017\/09\/america-busco-fichar-a-esta-figura-tigres\/\" target=\"_blank\" rel=\"noopener noreferrer\">VER M\u00c1S: Am\u00e9rica busco fichar a esta figura de Tigres<\/a><\/span><\/p>\n<p>El futbolista franc\u00e9s de ascendencia tunecina, <strong>Ben Arfa<\/strong>, se est\u00e1 quedando sin espacio en el <strong>PSG<\/strong>, con las llegadas de Mbapp\u00e9 y Neymar, no ha sido tomado en cuenta para jugar el torneo continental.<\/p>\n<p>La <strong>Juventus<\/strong> dej\u00f3 fuera al suizo\u00a0<b>Stephan Lichtsteiner,<\/b>\u00a0quien se jugar\u00eda la titularidad con De Sciglio,<b>\u00a0<\/b>y al croata\u00a0<b>Marko Pjaca,\u00a0<\/b>que contin\u00faa recuper\u00e1ndose de una lesi\u00f3n que sufri\u00f3 con Croacia en marzo pasado.<\/p>\n<p><strong>Liverpool<\/strong> dej\u00f3 fuera de su lista al lateral <strong>Nathaniel Clyne<\/strong>, quien se encuentra lesionado y su recuperaci\u00f3n tardar\u00eda a\u00fan tres meses. Por otro lado <strong>Lazar Markovic<\/strong>, quien regres\u00f3 al club despu\u00e9s de dos a\u00f1os cedido en Turqu\u00eda y Portugal; por \u00faltimo <strong>Danny Ings<\/strong>, de quien sorprende su no convocatoria, pues ha jugado 2 de los tres partidos de Premier League.<\/p>\n<p>Por \u00faltimo,<strong> Erik Lamela<\/strong> se ha quedado fuera de la lista con el <strong>Tottenham Hotspur<\/strong>, quien desde octubre no ve acci\u00f3n por una lesi\u00f3n en la cadera y <strong>Vincent Janssen<\/strong>, delantero holand\u00e9s que no tiene espacio en el club luego de la llegada de Fernando Llorente.<\/p>\n<p>Cabe destacar que los jugadores podr\u00edan ser incluidos despu\u00e9s de terminada la fase de grupos, ya sea con su club o alg\u00fan otro. Tanto para Champions League o Europa League, seg\u00fan sea el caso.<\/p>\n<p style=\"text-align: center;\"><span style=\"color: #333399;\"><a style=\"color: #333399;\" href=\"https:\/\/www.futboltotal.com.mx\/2017\/09\/gignac-quiere-hijo-sea-delantero-del-tri\/\" target=\"_blank\" rel=\"noopener noreferrer\">VER M\u00c1S: Gignac quiere que su hijo sea delantero del Tri<\/a><\/span><\/p>\n","protected":false},"excerpt":{"rendered":"<p>Estrellas que no podr\u00e1n brillar en el torneo de UEFA<\/p>\n","protected":false},"author":20,"featured_media":498132,"comment_status":"closed","ping_status":"closed","sticky":false,"template":"","format":"standard","meta":[],"categories":[3839],"tags":[10081,36,3205,4238,6095],"_links":{"self":[{"href":"http:\/\/desarrollo.grupomedios.com\/futbol\/wp-json\/wp\/v2\/posts\/498127"}],"collection":[{"href":"http:\/\/desarrollo.grupomedios.com\/futbol\/wp-json\/wp\/v2\/posts"}],"about":[{"href":"http:\/\/desarrollo.grupomedios.com\/futbol\/wp-json\/wp\/v2\/types\/post"}],"author":[{"embeddable":true,"href":"http:\/\/desarrollo.grupomedios.com\/futbol\/wp-json\/wp\/v2\/users\/20"}],"replies":[{"embeddable":true,"href":"http:\/\/desarrollo.grupomedios.com\/futbol\/wp-json\/wp\/v2\/comments?post=498127"}],"version-history":[{"count":1,"href":"http:\/\/desarrollo.grupomedios.com\/futbol\/wp-json\/wp\/v2\/posts\/498127\/revisions"}],"predecessor-version":[{"id":498133,"href":"http:\/\/desarrollo.grupomedios.com\/futbol\/wp-json\/wp\/v2\/posts\/498127\/revisions\/498133"}],"wp:featuredmedia":[{"embeddable":true,"href":"http:\/\/desarrollo.grupomedios.com\/futbol\/wp-json\/wp\/v2\/media\/498132"}],"wp:attachment":[{"href":"http:\/\/desarrollo.grupomedios.com\/futbol\/wp-json\/wp\/v2\/media?parent=498127"}],"wp:term":[{"taxonomy":"category","embeddable":true,"href":"http:\/\/desarrollo.grupomedios.com\/futbol\/wp-json\/wp\/v2\/categories?post=498127"},{"taxonomy":"post_tag","embeddable":true,"href":"http:\/\/desarrollo.grupomedios.com\/futbol\/wp-json\/wp\/v2\/tags?post=498127"}],"curies":[{"name":"wp","href":"https:\/\/api.w.org\/{rel}","templated":true}]}}