{"id":498134,"date":"2017-09-05T10:09:52","date_gmt":"2017-09-05T15:09:52","guid":{"rendered":"https:\/\/www.futboltotal.com.mx\/?p=498134"},"modified":"2017-09-05T10:09:52","modified_gmt":"2017-09-05T15:09:52","slug":"medio-mexicano-pone-en-duda-sexualidad-jonathan-dos-santos","status":"publish","type":"post","link":"http:\/\/desarrollo.grupomedios.com\/futbol\/cambio-de-juego\/medio-mexicano-pone-en-duda-sexualidad-jonathan-dos-santos\/2017\/09","title":{"rendered":"Medio mexicano pone en duda sexualidad de Jonathan Dos Santos"},"content":{"rendered":"<p><strong>Jonathan Dos Santos<\/strong> anunci\u00f3 hace poco el rompimiento con la espa\u00f1ola,\u00a0<strong>Marta Carriedo<\/strong>, con quien se hab\u00eda comprometido y la raz\u00f3n ser\u00eda porque el mediocampista mexicano le habr\u00eda revelado que es<strong> bisexual<\/strong>.<\/p>\n<p>El jugador de <strong>LA Galaxy<\/strong>, le habr\u00eda confesado a su entonces prometida sus preferencias y por ello la vloguera espa\u00f1ola decidi\u00f3 terminar con el compromiso, de acuerdo a la revista <em>TV Notas<\/em>.<\/p>\n<p style=\"text-align: center;\"><span style=\"color: #333399;\"><a style=\"color: #333399;\" href=\"https:\/\/www.futboltotal.com.mx\/2017\/09\/10-jugadores-fueron-incluidos-en-champions-league\/\" target=\"_blank\" rel=\"noopener noreferrer\">VER M\u00c1S: 10 jugadores que no fueron incluidos en Champions League<\/a><\/span><\/p>\n<p>La publicaci\u00f3n indica que, de acuerdo a un amigo del futbolista, ese fue el motivo por el que Carriedo puso fin a la relaci\u00f3n, a pesar que ya exist\u00eda un compromiso.<\/p>\n<p>Cabe se\u00f1alar que este tipo de afirmaciones se hab\u00edan hecho con anterioridad; en 2013 se le relacion\u00f3 con su entonces compa\u00f1ero del <strong>Barcelona<\/strong>, <strong>Thiago Alc\u00e1ntara<\/strong>; mientras que en 2015, se le vincul\u00f3 en una relaci\u00f3n con el argentino,\u00a0<strong>Mateo Musacchio<\/strong>, con quien supuestamente sosten\u00eda una relaci\u00f3n\u00a0mientras estaba en el <strong>Villarreal<\/strong>, de la cual ten\u00edan conocimiento su hermano,<strong> Giovani dos Santos<\/strong>.<\/p>\n<p style=\"text-align: center;\"><span style=\"color: #333399;\"><a style=\"color: #333399;\" href=\"https:\/\/www.futboltotal.com.mx\/2017\/09\/gignac-quiere-hijo-sea-delantero-del-tri\/\" target=\"_blank\" rel=\"noopener noreferrer\">VER M\u00c1S: Gignac quiere que su hijo sea delantero del Tri<\/a><\/span><\/p>\n","protected":false},"excerpt":{"rendered":"<p>No es la primera vez que indican esto sobre el jugador mexicano<\/p>\n","protected":false},"author":20,"featured_media":487673,"comment_status":"closed","ping_status":"closed","sticky":false,"template":"","format":"standard","meta":[],"categories":[5419],"tags":[48,1098,9750],"_links":{"self":[{"href":"http:\/\/desarrollo.grupomedios.com\/futbol\/wp-json\/wp\/v2\/posts\/498134"}],"collection":[{"href":"http:\/\/desarrollo.grupomedios.com\/futbol\/wp-json\/wp\/v2\/posts"}],"about":[{"href":"http:\/\/desarrollo.grupomedios.com\/futbol\/wp-json\/wp\/v2\/types\/post"}],"author":[{"embeddable":true,"href":"http:\/\/desarrollo.grupomedios.com\/futbol\/wp-json\/wp\/v2\/users\/20"}],"replies":[{"embeddable":true,"href":"http:\/\/desarrollo.grupomedios.com\/futbol\/wp-json\/wp\/v2\/comments?post=498134"}],"version-history":[{"count":1,"href":"http:\/\/desarrollo.grupomedios.com\/futbol\/wp-json\/wp\/v2\/posts\/498134\/revisions"}],"predecessor-version":[{"id":498140,"href":"http:\/\/desarrollo.grupomedios.com\/futbol\/wp-json\/wp\/v2\/posts\/498134\/revisions\/498140"}],"wp:featuredmedia":[{"embeddable":true,"href":"http:\/\/desarrollo.grupomedios.com\/futbol\/wp-json\/wp\/v2\/media\/487673"}],"wp:attachment":[{"href":"http:\/\/desarrollo.grupomedios.com\/futbol\/wp-json\/wp\/v2\/media?parent=498134"}],"wp:term":[{"taxonomy":"category","embeddable":true,"href":"http:\/\/desarrollo.grupomedios.com\/futbol\/wp-json\/wp\/v2\/categories?post=498134"},{"taxonomy":"post_tag","embeddable":true,"href":"http:\/\/desarrollo.grupomedios.com\/futbol\/wp-json\/wp\/v2\/tags?post=498134"}],"curies":[{"name":"wp","href":"https:\/\/api.w.org\/{rel}","templated":true}]}}