{"id":498138,"date":"2017-09-05T10:11:44","date_gmt":"2017-09-05T15:11:44","guid":{"rendered":"https:\/\/www.futboltotal.com.mx\/?p=498138"},"modified":"2017-09-05T10:11:44","modified_gmt":"2017-09-05T15:11:44","slug":"diego-simeone-amplia-contrato-atletico-madrid","status":"publish","type":"post","link":"http:\/\/desarrollo.grupomedios.com\/futbol\/futbol-internacional\/diego-simeone-amplia-contrato-atletico-madrid\/2017\/09","title":{"rendered":"Diego Simeone ampl\u00eda su contrato con el Atl\u00e9tico de Madrid"},"content":{"rendered":"<p>El entrenador argentino <strong>Diego Pablo Simeone<\/strong> ampli\u00f3 su contrato con el <strong>Atl\u00e9tico de Madrid<\/strong> por dos temporadas, con lo que queda vinculado al club rojiblanco hasta el 30 de junio de 2020, seg\u00fan inform\u00f3 este martes el club rojiblanco.<\/p>\n<p><strong>Simeone<\/strong> lleg\u00f3 como entrenador al Atletico en diciembre de 2011 y desde entonces el club madrile\u00f1o ha conquistado cinco t\u00edtulos: la Liga Europa de 2012, la Supercopa de Europa de 2012, la Copa del Rey 2013, la Liga 2013-14 y la Supercopa de Espa\u00f1a 2014, adem\u00e1s de haber disputado dos finales de la Liga de Campeones en 2014 y 2016.<\/p>\n<p style=\"text-align: center;\"><a href=\"https:\/\/www.futboltotal.com.mx\/2017\/09\/jefferson-montero-ex-dorados-morelia-llega-getafe\/\" target=\"_blank\" rel=\"noopener noreferrer\"><span style=\"color: #333399;\">VER M\u00c1S: Jefferson Montero, ex Dorados y Morelia, vuelve\u00a0a Espa\u00f1a<\/span><\/a><\/p>\n<p>Con \u00e9l, el Atl\u00e9tico se ha clasificado entre los tres primeros de <strong>LaLiga<\/strong> Santander durante las cinco \u00faltimas temporadas (siempre en el tercer lugar, excepto en el t\u00edtulo de la 2013-14), alcanzando la fase de grupos de la Liga de Campeones cinco veces de forma consecutiva, instancia que ha superado en todas ellas.<\/p>\n<p>&nbsp;<\/p>\n<blockquote class=\"twitter-tweet\" data-lang=\"es\">\n<p dir=\"ltr\" lang=\"en\">Diego Pablo <a href=\"https:\/\/twitter.com\/Simeone\">@Simeone<\/a> renews for two seasons!<a href=\"https:\/\/t.co\/gQ9pMtF4lC\">https:\/\/t.co\/gQ9pMtF4lC<\/a><a href=\"https:\/\/twitter.com\/hashtag\/OleOleOle?src=hash\">#OleOleOle<\/a> <a href=\"https:\/\/t.co\/un3d75YqYn\">pic.twitter.com\/un3d75YqYn<\/a><\/p>\n<p>\u2014 Atl\u00e9tico de Madrid (@atletienglish) <a href=\"https:\/\/twitter.com\/atletienglish\/status\/905012933771628545\">5 de septiembre de 2017<\/a><\/p><\/blockquote>\n<p><script async src=\"\/\/platform.twitter.com\/widgets.js\" charset=\"utf-8\"><\/script><\/p>\n<p>El entrenador rojiblanco, que terminaba contrato en 2018, tendr\u00e1 tres campa\u00f1as por delante con el Atl\u00e9tico, en el que podr\u00eda encadenar nueve temporadas consecutivas en el banquillo si cumple la totalidad del compromiso.<\/p>\n<p>La &#8220;sinton\u00eda&#8221; entre el Atl\u00e9tico y Simeone es &#8220;total&#8221; seg\u00fan indic\u00f3 el club a trav\u00e9s de su p\u00e1gina web, en la que valora el acuerdo como &#8220;una noticia muy esperada por los aficionados rojiblancos&#8221;.<\/p>\n<p>El club precedi\u00f3 el anuncio de la renovaci\u00f3n con un v\u00eddeo en la red social Twitter que recog\u00eda las palabras de Simeone en el \u00faltimo encuentro de la temporada pasada ante el Athletic Club, \u00faltimo duelo de competici\u00f3n del estadio Vicente Calder\u00f3n.<\/p>\n<p><iframe loading=\"lazy\" src=\"https:\/\/www.youtube.com\/embed\/VAksHk2KAKo\" frameborder=\"0\" allowfullscreen=\"allowfullscreen\"><\/iframe><\/p>\n<p>&#8220;Me preguntan continuamente si me voy a quedar. S\u00ed me voy a quedar. \u00bfY saben por qu\u00e9 me voy a quedar? Porque este club tiene futuro, y el futuro somos todos nosotros&#8221;, dijo entonces el t\u00e9cnico rojiblanco.<\/p>\n<p>El Atl\u00e9tico destac\u00f3 en su comunicado que Simeone es el t\u00e9cnico en ejercicio de LaLiga Santander que m\u00e1s tiempo lleva al frente de su equipo -la actual es su s\u00e9ptima temporada- y que en la \u00e9lite mundial s\u00f3lo le supera en continuidad en un club el franc\u00e9s Arsene Wenger, que lleva 21 campa\u00f1as en el Arsenal, desde el curso 1996-97.<\/p>\n<p>El t\u00e9cnico rojiblanco suma 200 victorias en 321 partidos dirigiendo al conjunto rojiblanco, un segundo centenario de triunfos que se cumpli\u00f3 el pasado 26 de agosto en la segunda jornada liguera ante la Uni\u00f3n Deportiva Las Palmas (1-5).<\/p>\n<p>Durante su trayectoria como entrenador del Atl\u00e9tico, Simeone ha obtenido 136 triunfos en 214 encuentros de LaLiga; veinte en 37 choques de la Copa del Rey; uno en cuatro duelos de la Supercopa de Espa\u00f1a; 28 en 48 compromisos disputados de la Liga de Campeones; catorce en diecisiete partidos de la Liga Europa y una de una en la Supercopa de Europa.<\/p>\n","protected":false},"excerpt":{"rendered":"<p>El Cholo acab\u00f3 con las especulaciones sobre su continuidad con los Colchoneros.<\/p>\n","protected":false},"author":144,"featured_media":498143,"comment_status":"closed","ping_status":"closed","sticky":false,"template":"","format":"standard","meta":[],"categories":[3839,3844],"tags":[6007,7058,7661,1384],"_links":{"self":[{"href":"http:\/\/desarrollo.grupomedios.com\/futbol\/wp-json\/wp\/v2\/posts\/498138"}],"collection":[{"href":"http:\/\/desarrollo.grupomedios.com\/futbol\/wp-json\/wp\/v2\/posts"}],"about":[{"href":"http:\/\/desarrollo.grupomedios.com\/futbol\/wp-json\/wp\/v2\/types\/post"}],"author":[{"embeddable":true,"href":"http:\/\/desarrollo.grupomedios.com\/futbol\/wp-json\/wp\/v2\/users\/144"}],"replies":[{"embeddable":true,"href":"http:\/\/desarrollo.grupomedios.com\/futbol\/wp-json\/wp\/v2\/comments?post=498138"}],"version-history":[{"count":1,"href":"http:\/\/desarrollo.grupomedios.com\/futbol\/wp-json\/wp\/v2\/posts\/498138\/revisions"}],"predecessor-version":[{"id":498144,"href":"http:\/\/desarrollo.grupomedios.com\/futbol\/wp-json\/wp\/v2\/posts\/498138\/revisions\/498144"}],"wp:featuredmedia":[{"embeddable":true,"href":"http:\/\/desarrollo.grupomedios.com\/futbol\/wp-json\/wp\/v2\/media\/498143"}],"wp:attachment":[{"href":"http:\/\/desarrollo.grupomedios.com\/futbol\/wp-json\/wp\/v2\/media?parent=498138"}],"wp:term":[{"taxonomy":"category","embeddable":true,"href":"http:\/\/desarrollo.grupomedios.com\/futbol\/wp-json\/wp\/v2\/categories?post=498138"},{"taxonomy":"post_tag","embeddable":true,"href":"http:\/\/desarrollo.grupomedios.com\/futbol\/wp-json\/wp\/v2\/tags?post=498138"}],"curies":[{"name":"wp","href":"https:\/\/api.w.org\/{rel}","templated":true}]}}