{"id":498147,"date":"2017-09-05T10:29:18","date_gmt":"2017-09-05T15:29:18","guid":{"rendered":"https:\/\/www.futboltotal.com.mx\/?p=498147"},"modified":"2017-09-05T10:29:18","modified_gmt":"2017-09-05T15:29:18","slug":"larry-vasquez-quiere-triunfar-en-tigres-inspirado-en-cardona","status":"publish","type":"post","link":"http:\/\/desarrollo.grupomedios.com\/futbol\/futbol-mexicano\/larry-vasquez-quiere-triunfar-en-tigres-inspirado-en-cardona\/2017\/09","title":{"rendered":"Larry V\u00e1squez quiere triunfar en Tigres inspirado en Cardona"},"content":{"rendered":"<p class=\"DETALLE_N_titulo \"><a href=\"https:\/\/www.futboltotal.com.mx\/2017\/09\/tigres-sigue-reforzandose-fichara-colombiano-larry-vasquez\/\" target=\"_blank\" rel=\"noopener noreferrer\"><span style=\"color: #333399;\">El colombiano <strong>Larry V\u00e1squez<\/strong><\/span><\/a>, refuerzo del <strong>Tigres<\/strong>\u00a0para el <strong>Apertura 2017<\/strong> de la Liga MX, dijo que tiene como referente en el balompi\u00e9 azteca la labor que han desempe\u00f1ado algunos de sus compatriotas.<\/p>\n<p class=\"DETALLE_N_titulo \">V\u00e1squez, de 24 a\u00f1os, se refiri\u00f3 al defensa <strong>Francisco Meza<\/strong>, quien ser\u00e1 su compa\u00f1ero; <strong>Luis Qui\u00f1ones<\/strong>, que tambi\u00e9n pas\u00f3 por <strong>Tigres<\/strong> y ahora juega para <strong>Lobos BUAP<\/strong> y <strong>Edwin Cardona<\/strong>, quien jug\u00f3 para el\u00a0<strong>Monterrey<\/strong>, rival de plaza de los felinos.<\/p>\n<p class=\"DETALLE_N_titulo \">&#8220;Ac\u00e1 hay mucha gente (de Colombia) que sigo, a <em>Pacho<\/em> Meza y la huella que dej\u00f3 Luis Qui\u00f1ones y como fue Edwin Cardona en Rayados, para m\u00ed eso es muy importante&#8221;, dijo V\u00e1squez a medios antes de cumplir sus ex\u00e1menes m\u00e9dicos y f\u00edsicos con su nuevo club.<\/p>\n<blockquote class=\"twitter-tweet\" data-lang=\"es\">\n<p dir=\"ltr\" lang=\"es\">Llega Larry V\u00e1squez a someterse a ex\u00e1menes m\u00e9dicos y en busca de un lugar en <a href=\"https:\/\/twitter.com\/TigresOficial\">@TigresOficial<\/a> <a href=\"https:\/\/t.co\/KlaFAbuLjX\">pic.twitter.com\/KlaFAbuLjX<\/a><\/p>\n<p>\u2014 CLUB TIGRES OFICIAL (@TigresOficial) <a href=\"https:\/\/twitter.com\/TigresOficial\/status\/904816133793918976\">4 de septiembre de 2017<\/a><\/p><\/blockquote>\n<p><script async src=\"\/\/platform.twitter.com\/widgets.js\" charset=\"utf-8\"><\/script><\/p>\n<p class=\"DETALLE_N_titulo \">V\u00e1squez, quien procede del <strong>Patriotas Boyac\u00e1<\/strong> de su pa\u00eds, en el que jug\u00f3 de 2013 a 2017, asegur\u00f3 que sigue &#8220;mucho&#8221; el f\u00fatbol mexicano y sabe el trabajo que ha desarrollado el equipo que dirige el brasile\u00f1o Ricardo Ferretti y que marcha tercero en el Torneo Apertura 2017.<\/p>\n<p class=\"DETALLE_N_titulo \">&#8220;Tigres es un equipo que he hecho cosas importantes para formar un equipo competitivo, de mucho nivel y con jugadores de mucha trayectoria y eso ha provocado que siempre est\u00e9 peleando las finales&#8221;, apunt\u00f3.<\/p>\n<p class=\"DETALLE_N_titulo \"><em>El Liquidador<\/em>, como apodan a V\u00e1squez, se desempe\u00f1a como medio campo de contenci\u00f3n y llega para cubrir la posici\u00f3n del argentino <strong>Guido Pizarro<\/strong>, quien fue un jugador vital para el equipo en los \u00faltimos a\u00f1os y dej\u00f3 un hueco dif\u00edcil de llenar.<\/p>\n<p class=\"DETALLE_N_titulo \">El colombiano asegur\u00f3 que es un profesional que trabaja al cien por ciento, tiene por norma la disciplina y espera &#8220;estar al nivel de lo que es Tigres&#8221;.<\/p>\n<p class=\"DETALLE_N_titulo \">&#8220;A donde uno vaya siempre es importante dejar huella y ahora que tengo la oportunidad de estar aqu\u00ed ser\u00e1 importante hacer un buen papel&#8221;, destac\u00f3.<\/p>\n<p class=\"DETALLE_N_titulo \">V\u00e1squez firmar\u00e1 su contrato con el equipo que este d\u00eda anunci\u00f3 la llegada del <a href=\"https:\/\/www.futboltotal.com.mx\/2017\/09\/ultima-hora-tigres-se-reforzo-portero\/\" target=\"_blank\" rel=\"noopener noreferrer\"><span style=\"color: #333399;\">guardameta estadounidense Eduardo Fern\u00e1ndez<\/span><\/a> y que tambi\u00e9n est\u00e1 a la espera del <a href=\"https:\/\/www.futboltotal.com.mx\/2017\/09\/tigres-a-punto-fichar-defensor-frances-bundesliga\/\" target=\"_blank\" rel=\"noopener noreferrer\"><span style=\"color: #333399;\">defensa franc\u00e9s <strong>Timoth\u00e9e Kolodziejczak<\/strong><\/span><\/a>.<\/p>\n","protected":false},"excerpt":{"rendered":"<p>El medio colombiano reci\u00e9n llegado a Tigres se inspira en un ex del rival Monterrey.<\/p>\n","protected":false},"author":144,"featured_media":498150,"comment_status":"closed","ping_status":"closed","sticky":false,"template":"","format":"standard","meta":[],"categories":[7740,2198,3845],"tags":[10074,64,5973,444],"_links":{"self":[{"href":"http:\/\/desarrollo.grupomedios.com\/futbol\/wp-json\/wp\/v2\/posts\/498147"}],"collection":[{"href":"http:\/\/desarrollo.grupomedios.com\/futbol\/wp-json\/wp\/v2\/posts"}],"about":[{"href":"http:\/\/desarrollo.grupomedios.com\/futbol\/wp-json\/wp\/v2\/types\/post"}],"author":[{"embeddable":true,"href":"http:\/\/desarrollo.grupomedios.com\/futbol\/wp-json\/wp\/v2\/users\/144"}],"replies":[{"embeddable":true,"href":"http:\/\/desarrollo.grupomedios.com\/futbol\/wp-json\/wp\/v2\/comments?post=498147"}],"version-history":[{"count":1,"href":"http:\/\/desarrollo.grupomedios.com\/futbol\/wp-json\/wp\/v2\/posts\/498147\/revisions"}],"predecessor-version":[{"id":498151,"href":"http:\/\/desarrollo.grupomedios.com\/futbol\/wp-json\/wp\/v2\/posts\/498147\/revisions\/498151"}],"wp:featuredmedia":[{"embeddable":true,"href":"http:\/\/desarrollo.grupomedios.com\/futbol\/wp-json\/wp\/v2\/media\/498150"}],"wp:attachment":[{"href":"http:\/\/desarrollo.grupomedios.com\/futbol\/wp-json\/wp\/v2\/media?parent=498147"}],"wp:term":[{"taxonomy":"category","embeddable":true,"href":"http:\/\/desarrollo.grupomedios.com\/futbol\/wp-json\/wp\/v2\/categories?post=498147"},{"taxonomy":"post_tag","embeddable":true,"href":"http:\/\/desarrollo.grupomedios.com\/futbol\/wp-json\/wp\/v2\/tags?post=498147"}],"curies":[{"name":"wp","href":"https:\/\/api.w.org\/{rel}","templated":true}]}}