{"id":498162,"date":"2017-09-05T11:08:38","date_gmt":"2017-09-05T16:08:38","guid":{"rendered":"https:\/\/www.futboltotal.com.mx\/?p=498162"},"modified":"2017-09-05T11:11:33","modified_gmt":"2017-09-05T16:11:33","slug":"erick-gutierrez-presume-jersey-del-chucky-lozano-psv","status":"publish","type":"post","link":"http:\/\/desarrollo.grupomedios.com\/futbol\/futbol-mexicano\/erick-gutierrez-presume-jersey-del-chucky-lozano-psv\/2017\/09","title":{"rendered":"Erick Guti\u00e9rrez presume jersey del Chucky Lozano con PSV"},"content":{"rendered":"<p>La amistad entre los futbolistas <strong>Hirving Lozano<\/strong> y <strong>Erick Guti\u00e9rrez<\/strong>, ambos surgidos de la cantera del <strong>Pachuca<\/strong>, traspasa fronteras y el segundo, a\u00fan defendiendo al cuadro hidalguense, presumi\u00f3 un regalo especial que le hizo el <strong><em>Chucky<\/em><\/strong>.<\/p>\n<p>En redes sociales, Guti\u00e9rrez comparti\u00f3 una imagen en la que muestra un jersey del <strong>PSV Eindhoven<\/strong>, nuevo equipo del <strong><em>Chucky<\/em> Lozano<\/strong>, que adem\u00e1s est\u00e1 autografiado y con dedicatoria para su ex compa\u00f1ero.<\/p>\n<p style=\"text-align: center;\"><a href=\"https:\/\/www.futboltotal.com.mx\/2017\/09\/timothee-kolodziejczak-llego-mexico-ya-presume-ser-tigres\/\" target=\"_blank\" rel=\"noopener noreferrer\"><span style=\"color: #333399;\">VER M\u00c1S:\u00a0Timoth\u00e9e Kolodziejczak ya presume ser de Tigres<\/span><\/a><\/p>\n<p>&#8220;Gracias por la playera hermanito @HirvingLozano70&#8221;, escribi\u00f3 el jugador de los Tuzos. \u00bfAcaso pronto podr\u00edamos ver al <em>Guti<\/em> junto a su amigo en el cuadro <em>Granjero<\/em>?<\/p>\n<p><a href=\"https:\/\/www.futboltotal.com.mx\/wp-content\/uploads\/2017\/09\/Erick-Gutierrez-Chucky-Lozano-PSV.jpg\"><img decoding=\"async\" loading=\"lazy\" class=\"aligncenter size-large wp-image-498163\" src=\"https:\/\/www.futboltotal.com.mx\/wp-content\/uploads\/2017\/09\/Erick-Gutierrez-Chucky-Lozano-PSV-1024x576.jpg\" alt=\"Erick Guti\u00e9rrez presume jersey del Chucky Lozano con PSV 0\" srcset=\"http:\/\/desarrollo.grupomedios.com\/futbol\/wp-content\/uploads\/2017\/09\/Erick-Gutierrez-Chucky-Lozano-PSV-1024x576.jpg 1024w, http:\/\/desarrollo.grupomedios.com\/futbol\/wp-content\/uploads\/2017\/09\/Erick-Gutierrez-Chucky-Lozano-PSV-300x169.jpg 300w, http:\/\/desarrollo.grupomedios.com\/futbol\/wp-content\/uploads\/2017\/09\/Erick-Gutierrez-Chucky-Lozano-PSV-768x432.jpg 768w, http:\/\/desarrollo.grupomedios.com\/futbol\/wp-content\/uploads\/2017\/09\/Erick-Gutierrez-Chucky-Lozano-PSV-393x221.jpg 393w, http:\/\/desarrollo.grupomedios.com\/futbol\/wp-content\/uploads\/2017\/09\/Erick-Gutierrez-Chucky-Lozano-PSV.jpg 1136w\" sizes=\"(max-width: 1024px) 100vw, 1024px\" \/><\/a><\/p>\n","protected":false},"excerpt":{"rendered":"<p>La amistad de los canteranos tuzos traspasa fronteras.<\/p>\n","protected":false},"author":20,"featured_media":498168,"comment_status":"closed","ping_status":"closed","sticky":false,"template":"","format":"standard","meta":[],"categories":[5419,3839,2198,3845],"tags":[6944,6158,5196,5968,3224],"_links":{"self":[{"href":"http:\/\/desarrollo.grupomedios.com\/futbol\/wp-json\/wp\/v2\/posts\/498162"}],"collection":[{"href":"http:\/\/desarrollo.grupomedios.com\/futbol\/wp-json\/wp\/v2\/posts"}],"about":[{"href":"http:\/\/desarrollo.grupomedios.com\/futbol\/wp-json\/wp\/v2\/types\/post"}],"author":[{"embeddable":true,"href":"http:\/\/desarrollo.grupomedios.com\/futbol\/wp-json\/wp\/v2\/users\/20"}],"replies":[{"embeddable":true,"href":"http:\/\/desarrollo.grupomedios.com\/futbol\/wp-json\/wp\/v2\/comments?post=498162"}],"version-history":[{"count":1,"href":"http:\/\/desarrollo.grupomedios.com\/futbol\/wp-json\/wp\/v2\/posts\/498162\/revisions"}],"predecessor-version":[{"id":498167,"href":"http:\/\/desarrollo.grupomedios.com\/futbol\/wp-json\/wp\/v2\/posts\/498162\/revisions\/498167"}],"wp:featuredmedia":[{"embeddable":true,"href":"http:\/\/desarrollo.grupomedios.com\/futbol\/wp-json\/wp\/v2\/media\/498168"}],"wp:attachment":[{"href":"http:\/\/desarrollo.grupomedios.com\/futbol\/wp-json\/wp\/v2\/media?parent=498162"}],"wp:term":[{"taxonomy":"category","embeddable":true,"href":"http:\/\/desarrollo.grupomedios.com\/futbol\/wp-json\/wp\/v2\/categories?post=498162"},{"taxonomy":"post_tag","embeddable":true,"href":"http:\/\/desarrollo.grupomedios.com\/futbol\/wp-json\/wp\/v2\/tags?post=498162"}],"curies":[{"name":"wp","href":"https:\/\/api.w.org\/{rel}","templated":true}]}}