{"id":498232,"date":"2017-09-05T14:34:37","date_gmt":"2017-09-05T19:34:37","guid":{"rendered":"https:\/\/www.futboltotal.com.mx\/?p=498232"},"modified":"2017-09-05T14:34:37","modified_gmt":"2017-09-05T19:34:37","slug":"presentan-amparos-empresas-rafa-marquez","status":"publish","type":"post","link":"http:\/\/desarrollo.grupomedios.com\/futbol\/futbol-mexicano\/presentan-amparos-empresas-rafa-marquez\/2017\/09","title":{"rendered":"Presentan amparos para empresas de Rafa M\u00e1rquez"},"content":{"rendered":"<p>Los abogados que llevan el caso de <strong>Rafa M\u00e1rquez<\/strong> han presentado un par de amparos para las empresas que maneja el futbolista mexicano del <strong>Atlas<\/strong>.<\/p>\n<p>La cadena <em>ESPN<\/em> dio a conocer que los abogados acudieron al Juzgado Octavo de Distrito de Amparo en Materia Penal de la Ciudad de M\u00e9xico para llevar los dos amparos sobre las empresas &#8220;Pro Sport SA de CV&#8221; y &#8220;Grupo Terap\u00e9utico Hormaral SA de CV&#8221;.<\/p>\n<p style=\"text-align: center;\"><span style=\"color: #333399;\"><a style=\"color: #333399;\" href=\"https:\/\/www.futboltotal.com.mx\/2017\/09\/revelan-adiccion-tono-valdes-estaria-cerca-la-ruina\/\">VER M\u00c1S:\u00a0<span class=\"item-title\">Revelan adicci\u00f3n de To\u00f1o de Vald\u00e9s y estar\u00eda cerca de la ruina<\/span><\/a><\/span><\/p>\n<p>Actualmente, las empresas de Rafa dan su servicio normal, pero el futbolista no puede hacer uso de los ingresos que entran.<\/p>\n<p>Rafa M\u00e1rquez tendr\u00eda que esperar hasta dos meses para saber si los recursos de amparo son favorables, y pueda percibir de nueva cuenta lo que ingresa de sus empresas.<\/p>\n<p style=\"text-align: center;\"><span style=\"color: #333399;\"><a style=\"color: #333399;\" href=\"https:\/\/www.futboltotal.com.mx\/2017\/09\/cuauhtemoc-blanco-quiere-una-serie-autobiografica\/\">VER M\u00c1S:\u00a0<span class=\"item-title\">Cuauht\u00e9moc Blanco quiere una serie autobiogr\u00e1fica<\/span><\/a><\/span><\/p>\n","protected":false},"excerpt":{"rendered":"<p>Los abogados del &#8216;k\u00e1iser&#8217; presentaron un par de amparos<\/p>\n","protected":false},"author":20,"featured_media":498239,"comment_status":"closed","ping_status":"closed","sticky":false,"template":"","format":"standard","meta":[],"categories":[2198,3845,3847],"tags":[6928,4358],"_links":{"self":[{"href":"http:\/\/desarrollo.grupomedios.com\/futbol\/wp-json\/wp\/v2\/posts\/498232"}],"collection":[{"href":"http:\/\/desarrollo.grupomedios.com\/futbol\/wp-json\/wp\/v2\/posts"}],"about":[{"href":"http:\/\/desarrollo.grupomedios.com\/futbol\/wp-json\/wp\/v2\/types\/post"}],"author":[{"embeddable":true,"href":"http:\/\/desarrollo.grupomedios.com\/futbol\/wp-json\/wp\/v2\/users\/20"}],"replies":[{"embeddable":true,"href":"http:\/\/desarrollo.grupomedios.com\/futbol\/wp-json\/wp\/v2\/comments?post=498232"}],"version-history":[{"count":1,"href":"http:\/\/desarrollo.grupomedios.com\/futbol\/wp-json\/wp\/v2\/posts\/498232\/revisions"}],"predecessor-version":[{"id":498240,"href":"http:\/\/desarrollo.grupomedios.com\/futbol\/wp-json\/wp\/v2\/posts\/498232\/revisions\/498240"}],"wp:featuredmedia":[{"embeddable":true,"href":"http:\/\/desarrollo.grupomedios.com\/futbol\/wp-json\/wp\/v2\/media\/498239"}],"wp:attachment":[{"href":"http:\/\/desarrollo.grupomedios.com\/futbol\/wp-json\/wp\/v2\/media?parent=498232"}],"wp:term":[{"taxonomy":"category","embeddable":true,"href":"http:\/\/desarrollo.grupomedios.com\/futbol\/wp-json\/wp\/v2\/categories?post=498232"},{"taxonomy":"post_tag","embeddable":true,"href":"http:\/\/desarrollo.grupomedios.com\/futbol\/wp-json\/wp\/v2\/tags?post=498232"}],"curies":[{"name":"wp","href":"https:\/\/api.w.org\/{rel}","templated":true}]}}