{"id":498242,"date":"2017-09-05T14:53:40","date_gmt":"2017-09-05T19:53:40","guid":{"rendered":"https:\/\/www.futboltotal.com.mx\/?p=498242"},"modified":"2017-09-05T14:53:40","modified_gmt":"2017-09-05T19:53:40","slug":"denuncian-desvio-fondos-sobornos-eleccion-juegos-olimpicos-2016","status":"publish","type":"post","link":"http:\/\/desarrollo.grupomedios.com\/futbol\/otros-deportes\/denuncian-desvio-fondos-sobornos-eleccion-juegos-olimpicos-2016\/2017\/09","title":{"rendered":"Denuncian desv\u00edo de fondos y sobornos para elecci\u00f3n de Juegos Ol\u00edmpicos 2016"},"content":{"rendered":"<p>Fiscales brasile\u00f1os denunciaron desv\u00edos y sobornos millonarios vinculados con la elecci\u00f3n de <strong>R\u00edo de Janeiro<\/strong> como sede de los <strong>Juegos Ol\u00edmpicos de 2016<\/strong> y subrayaron el papel que jug\u00f3 el presidente del C<strong>omit\u00e9 Ol\u00edmpico Brasile\u00f1o<\/strong>, Carlos Arthur Nuzman, en la operaci\u00f3n.<\/p>\n<p>Seg\u00fan los investigadores, Nuzman, como presidente del COB y miembro honorario del <strong>Comit\u00e9 Ol\u00edmpico Internacional<\/strong> tuvo un desempe\u00f1o fundamental para vincular a empresarios, pol\u00edticos y directivos del COI en la presunta trama de compra de votos para que R\u00edo se hiciera con los Juegos de 2016.<\/p>\n<p style=\"text-align: center;\"><span style=\"color: #3366ff;\"><a style=\"color: #3366ff;\" href=\"https:\/\/www.futboltotal.com.mx\/2017\/09\/jimena-sanchez-deslumbra-con-sexy-conteo-regresivo-para-nfl\/\">VER M\u00c1S: Jimena S\u00e1nchez deslumbra con sexy conteo regresivo para NFL<\/a><\/span><\/p>\n<p>&#8220;Nuzman es elemento central que vincula a empresarios y representantes del COI&#8221;, denunci\u00f3 la fiscal Fabiana Schneider.<\/p>\n<p>Nuzman presta hoy declaraci\u00f3n ante la polic\u00eda en el marco de la operaci\u00f3n <em>Unfair play<\/em>\u00a0(juego sucio) desplegada por la polic\u00eda como parte de la operaci\u00f3n Lava Jato.<\/p>\n<p>La Fiscal\u00eda ha pedido que se embarguen sus bienes y se le retire el pasaporte para evitar que pueda abandonar el pa\u00eds.<\/p>\n<p>La operaci\u00f3n es resultado de una investigaci\u00f3n que desarrollan los fiscales brasile\u00f1os con la Justicia francesa y que salpica tambi\u00e9n al exgobernador de R\u00edo Sergio Cabral, hoy en prisi\u00f3n por corrupto, y a Papa Massata Diack, hijo de Lamine Diack, que entonces era el presidente de la Federaci\u00f3n Internacional de Atletismo (IAAF).<\/p>\n<p style=\"text-align: center;\"><span style=\"color: #3366ff;\"><a style=\"color: #3366ff;\" href=\"https:\/\/www.futboltotal.com.mx\/2017\/09\/corea-del-sur-nuevo-invitado-asia-a-rusia-2018\/\">VER M\u00c1S: Corea del Sur, el nuevo invitado de Asia a Rusia 2018<\/a><\/span><\/p>\n","protected":false},"excerpt":{"rendered":"<p>Aseguran que hubo corrupci\u00f3n para la elecci\u00f3n en R\u00edo.<\/p>\n","protected":false},"author":144,"featured_media":415935,"comment_status":"closed","ping_status":"closed","sticky":false,"template":"","format":"standard","meta":[],"categories":[7182,6411],"tags":[1911,5461,5664],"_links":{"self":[{"href":"http:\/\/desarrollo.grupomedios.com\/futbol\/wp-json\/wp\/v2\/posts\/498242"}],"collection":[{"href":"http:\/\/desarrollo.grupomedios.com\/futbol\/wp-json\/wp\/v2\/posts"}],"about":[{"href":"http:\/\/desarrollo.grupomedios.com\/futbol\/wp-json\/wp\/v2\/types\/post"}],"author":[{"embeddable":true,"href":"http:\/\/desarrollo.grupomedios.com\/futbol\/wp-json\/wp\/v2\/users\/144"}],"replies":[{"embeddable":true,"href":"http:\/\/desarrollo.grupomedios.com\/futbol\/wp-json\/wp\/v2\/comments?post=498242"}],"version-history":[{"count":1,"href":"http:\/\/desarrollo.grupomedios.com\/futbol\/wp-json\/wp\/v2\/posts\/498242\/revisions"}],"predecessor-version":[{"id":498246,"href":"http:\/\/desarrollo.grupomedios.com\/futbol\/wp-json\/wp\/v2\/posts\/498242\/revisions\/498246"}],"wp:featuredmedia":[{"embeddable":true,"href":"http:\/\/desarrollo.grupomedios.com\/futbol\/wp-json\/wp\/v2\/media\/415935"}],"wp:attachment":[{"href":"http:\/\/desarrollo.grupomedios.com\/futbol\/wp-json\/wp\/v2\/media?parent=498242"}],"wp:term":[{"taxonomy":"category","embeddable":true,"href":"http:\/\/desarrollo.grupomedios.com\/futbol\/wp-json\/wp\/v2\/categories?post=498242"},{"taxonomy":"post_tag","embeddable":true,"href":"http:\/\/desarrollo.grupomedios.com\/futbol\/wp-json\/wp\/v2\/tags?post=498242"}],"curies":[{"name":"wp","href":"https:\/\/api.w.org\/{rel}","templated":true}]}}