{"id":498247,"date":"2017-09-05T15:14:23","date_gmt":"2017-09-05T20:14:23","guid":{"rendered":"https:\/\/www.futboltotal.com.mx\/?p=498247"},"modified":"2017-09-05T16:35:39","modified_gmt":"2017-09-05T21:35:39","slug":"201709los-tricolores-que-dijeron-no-antes-de-llegar-a-la-boda","status":"publish","type":"post","link":"http:\/\/desarrollo.grupomedios.com\/futbol\/futbol-mexicano\/201709los-tricolores-que-dijeron-no-antes-de-llegar-a-la-boda\/2017\/09","title":{"rendered":"Los tricolores que dijeron &#8220;NO&#8221; antes de llegar a la boda"},"content":{"rendered":"<p><strong>Jonathan Dos Santos<\/strong> se convirti\u00f3 en tendencia este d\u00eda por una publicaci\u00f3n dada en un diario mexicano que dio a conocer que por sus &#8220;preferencias sexuales&#8221; no se habr\u00eda casado con la youtuber <strong>Marta Carriedo<\/strong>.<\/p>\n<p>Esta situaci\u00f3n no ha sido desmentida o tocada en sus redes sociales por el futbolista mexicano que actualmente se encuentra en la concentraci\u00f3n de la Selecci\u00f3n Mexicana en Costa Rica.<\/p>\n<p>Sin embargo, se suma a un par de situaciones curiosas que se han dado en los \u00faltimos meses.<\/p>\n<p style=\"text-align: center;\"><span style=\"color: #333399;\">VER M\u00c1S:\u00a0<span class=\"item-title\">Medio mexicano pone en duda sexualidad de Jonathan Dos Santos<\/span><\/span><\/p>\n<p><strong>Javier &#8216;Chicharito&#8217; Hern\u00e1ndez<\/strong> tuvo una relaci\u00f3n larga con la periodista espa\u00f1ola Luc\u00eda Villal\u00f3n, y ambos hab\u00edan dado a conocer su compromiso matrimonial.<\/p>\n<p>A falta de poco tiempo para contraer nupcias, el delantero mexicano del West Ham se\u00f1al\u00f3 que no habr\u00eda boda con la espa\u00f1ola. \u00bfLas razones? Se habl\u00f3 desde una infidelidad de &#8216;Chicharito&#8217; hasta la falta de apoyo que tuvo el delantero con la periodista cuando ella se encontraba en el hospital por serios problemas de salud.<\/p>\n<p style=\"text-align: center;\"><span style=\"color: #333399;\"><a style=\"color: #333399;\" href=\"https:\/\/www.futboltotal.com.mx\/2017\/09\/suele-pasar-tri-luego-calificar-a-mundiales\/\">VER M\u00c1S:\u00a0<span class=\"item-title\">\u00bfQu\u00e9 suele pasar con el Tri luego de calificar a Mundiales?<\/span><\/a><\/span><\/p>\n<p>Finalmente, el delantero de las Chivas y del Tricolor, <strong>Alan Pulido<\/strong>, tambi\u00e9n anunci\u00f3 su compromiso matrimonial con la modelo <strong>Ileana Salas<\/strong>, pero una supuesta &#8220;infidelidad&#8221; del jugador terminar\u00eda con la relaci\u00f3n.<\/p>\n<p>&nbsp;<\/p>\n<p>&nbsp;<\/p>\n","protected":false},"excerpt":{"rendered":"<p>&#8216;Chicharito&#8217;, &#8216;Jona&#8217; y &#8216;Puligol&#8217;, \u00bfqu\u00e9 fue lo que pas\u00f3?<\/p>\n","protected":false},"author":20,"featured_media":498255,"comment_status":"closed","ping_status":"closed","sticky":false,"template":"","format":"standard","meta":[],"categories":[5419,2198,3847],"tags":[1607,549,48],"_links":{"self":[{"href":"http:\/\/desarrollo.grupomedios.com\/futbol\/wp-json\/wp\/v2\/posts\/498247"}],"collection":[{"href":"http:\/\/desarrollo.grupomedios.com\/futbol\/wp-json\/wp\/v2\/posts"}],"about":[{"href":"http:\/\/desarrollo.grupomedios.com\/futbol\/wp-json\/wp\/v2\/types\/post"}],"author":[{"embeddable":true,"href":"http:\/\/desarrollo.grupomedios.com\/futbol\/wp-json\/wp\/v2\/users\/20"}],"replies":[{"embeddable":true,"href":"http:\/\/desarrollo.grupomedios.com\/futbol\/wp-json\/wp\/v2\/comments?post=498247"}],"version-history":[{"count":1,"href":"http:\/\/desarrollo.grupomedios.com\/futbol\/wp-json\/wp\/v2\/posts\/498247\/revisions"}],"predecessor-version":[{"id":498256,"href":"http:\/\/desarrollo.grupomedios.com\/futbol\/wp-json\/wp\/v2\/posts\/498247\/revisions\/498256"}],"wp:featuredmedia":[{"embeddable":true,"href":"http:\/\/desarrollo.grupomedios.com\/futbol\/wp-json\/wp\/v2\/media\/498255"}],"wp:attachment":[{"href":"http:\/\/desarrollo.grupomedios.com\/futbol\/wp-json\/wp\/v2\/media?parent=498247"}],"wp:term":[{"taxonomy":"category","embeddable":true,"href":"http:\/\/desarrollo.grupomedios.com\/futbol\/wp-json\/wp\/v2\/categories?post=498247"},{"taxonomy":"post_tag","embeddable":true,"href":"http:\/\/desarrollo.grupomedios.com\/futbol\/wp-json\/wp\/v2\/tags?post=498247"}],"curies":[{"name":"wp","href":"https:\/\/api.w.org\/{rel}","templated":true}]}}