{"id":498281,"date":"2017-09-05T16:42:03","date_gmt":"2017-09-05T21:42:03","guid":{"rendered":"https:\/\/www.futboltotal.com.mx\/?p=498281"},"modified":"2017-09-05T16:42:03","modified_gmt":"2017-09-05T21:42:03","slug":"perro-interrumpe-colombia-vs-brasil-en-conmebol","status":"publish","type":"post","link":"http:\/\/desarrollo.grupomedios.com\/futbol\/futbol-internacional\/perro-interrumpe-colombia-vs-brasil-en-conmebol\/2017\/09","title":{"rendered":"Un perro interrumpe el Colombia vs Brasil en Conmebol"},"content":{"rendered":"<p>Un <strong>perro interrumpi\u00f3 el partido de las eliminatorias de Conmebol entre Colombia y Brasil<\/strong> en el estadio Metropolitano de Barranquilla, en tierras cafetaleras.<\/p>\n<p>El can ingres\u00f3 casi al final de la primera mitad y apareci\u00f3 cerca del \u00e1rea grande cuando el delantero brasile\u00f1o Neymar estaba a punto de disparar ante el portero David Ospina.<\/p>\n<p style=\"text-align: center;\"><span style=\"color: #3366ff;\"><a style=\"color: #3366ff;\" href=\"https:\/\/www.futboltotal.com.mx\/2017\/09\/futbolista-ficha-chelsea-conte-apago-celular\/\">VER M\u00c1S: Futbolista no ficha con Chelsea porque Conte apag\u00f3 su celular<\/a><\/span><\/p>\n<blockquote class=\"twitter-tweet\" data-width=\"500\">\n<p lang=\"es\" dir=\"ltr\">\u00a1Incre\u00edble! Neymar casi marca un gol ante Colombia ante la atenta mirada de un perro en la puerta del \u00e1rea. <a href=\"https:\/\/t.co\/dCqUVHqUaq\">pic.twitter.com\/dCqUVHqUaq<\/a><\/p>\n<p>&mdash; SportsCenter (@SC_ESPN) <a href=\"https:\/\/twitter.com\/SC_ESPN\/status\/905178345670926337\">September 5, 2017<\/a><\/p><\/blockquote>\n<p><script async src=\"\/\/platform.twitter.com\/widgets.js\" charset=\"utf-8\"><\/script><\/p>\n<blockquote class=\"twitter-tweet\" data-width=\"500\">\n<p lang=\"es\" dir=\"ltr\">Este perro es brasilero entro a distraer a colombia para que hicieran \u00e9l gol&#8230; <a href=\"https:\/\/t.co\/LIgzq3zo2m\">pic.twitter.com\/LIgzq3zo2m<\/a><\/p>\n<p>&mdash; Luis Polo D. (@LuisPoloD) <a href=\"https:\/\/twitter.com\/LuisPoloD\/status\/905180001959632900\">September 5, 2017<\/a><\/p><\/blockquote>\n<p><script async src=\"\/\/platform.twitter.com\/widgets.js\" charset=\"utf-8\"><\/script><\/p>\n<p>Tras la aparici\u00f3n del perro, el partido se detuvo hasta que la polic\u00eda del estadio trat\u00f3 de retirarlo del campo, pues el animal no se dejaba tocar por el personal.<\/p>\n<p>Incluso los aficionados colombianos han llegado a reclamar que por culpa del perro su Selecci\u00f3n recibi\u00f3 el gol de Willian, pues luego de que el can fue retirado, Brasil se fue arriba en el marcador.<\/p>\n<p style=\"text-align: center;\"><span style=\"color: #3366ff;\"><a style=\"color: #3366ff;\" href=\"https:\/\/www.futboltotal.com.mx\/2017\/09\/revelan-adiccion-tono-valdes-estaria-cerca-la-ruina\/\">VER M\u00c1S: Revelan adicci\u00f3n de To\u00f1o de Vald\u00e9s y estar\u00eda cerca de la ruina<\/a><\/span><\/p>\n<p>https:\/\/twitter.com\/Ansosi\/status\/905180015054213120<\/p>\n","protected":false},"excerpt":{"rendered":"<p>Brasil se fue adelante despu\u00e9s de la aparici\u00f3n del can.<\/p>\n","protected":false},"author":20,"featured_media":498286,"comment_status":"closed","ping_status":"closed","sticky":false,"template":"","format":"standard","meta":[],"categories":[3839],"tags":[6009,6005,1392,2232],"_links":{"self":[{"href":"http:\/\/desarrollo.grupomedios.com\/futbol\/wp-json\/wp\/v2\/posts\/498281"}],"collection":[{"href":"http:\/\/desarrollo.grupomedios.com\/futbol\/wp-json\/wp\/v2\/posts"}],"about":[{"href":"http:\/\/desarrollo.grupomedios.com\/futbol\/wp-json\/wp\/v2\/types\/post"}],"author":[{"embeddable":true,"href":"http:\/\/desarrollo.grupomedios.com\/futbol\/wp-json\/wp\/v2\/users\/20"}],"replies":[{"embeddable":true,"href":"http:\/\/desarrollo.grupomedios.com\/futbol\/wp-json\/wp\/v2\/comments?post=498281"}],"version-history":[{"count":1,"href":"http:\/\/desarrollo.grupomedios.com\/futbol\/wp-json\/wp\/v2\/posts\/498281\/revisions"}],"predecessor-version":[{"id":498287,"href":"http:\/\/desarrollo.grupomedios.com\/futbol\/wp-json\/wp\/v2\/posts\/498281\/revisions\/498287"}],"wp:featuredmedia":[{"embeddable":true,"href":"http:\/\/desarrollo.grupomedios.com\/futbol\/wp-json\/wp\/v2\/media\/498286"}],"wp:attachment":[{"href":"http:\/\/desarrollo.grupomedios.com\/futbol\/wp-json\/wp\/v2\/media?parent=498281"}],"wp:term":[{"taxonomy":"category","embeddable":true,"href":"http:\/\/desarrollo.grupomedios.com\/futbol\/wp-json\/wp\/v2\/categories?post=498281"},{"taxonomy":"post_tag","embeddable":true,"href":"http:\/\/desarrollo.grupomedios.com\/futbol\/wp-json\/wp\/v2\/tags?post=498281"}],"curies":[{"name":"wp","href":"https:\/\/api.w.org\/{rel}","templated":true}]}}