{"id":498288,"date":"2017-09-05T16:53:21","date_gmt":"2017-09-05T21:53:21","guid":{"rendered":"https:\/\/www.futboltotal.com.mx\/?p=498288"},"modified":"2017-09-05T17:07:49","modified_gmt":"2017-09-05T22:07:49","slug":"chivas-frankfurt-buscan-a-seguidor-aleman-del-guadalajara","status":"publish","type":"post","link":"http:\/\/desarrollo.grupomedios.com\/futbol\/futbol-mexicano\/chivas-frankfurt-buscan-a-seguidor-aleman-del-guadalajara\/2017\/09","title":{"rendered":"Chivas y Frankfurt buscan a seguidor alem\u00e1n del Guadalajara"},"content":{"rendered":"<p>Las <strong>Chivas<\/strong> dieron a conocer en su cuenta oficial que buscan al aficionado alem\u00e1n que pos\u00f3 con su playera del Guadalajara junto a <strong>Carlos Salcedo<\/strong> en la pr\u00e1ctica del<strong> Eintracht Frankfurt<\/strong>.<\/p>\n<p style=\"text-align: center;\"><span style=\"color: #333399;\"><a style=\"color: #333399;\" href=\"https:\/\/www.futboltotal.com.mx\/2017\/09\/fan-chivas-sorprende-carlos-salcedo-eintracht-frankfurt\/\">VER M\u00c1S:\u00a0Fan de Chivas sorprende a Carlos Salcedo con Eintracht Frankfurt<\/a><\/span><\/p>\n<p>El Reba\u00f1o busca a este aficionado para regalarle un jersey autografiado por todo el club rojiblanco.<\/p>\n<blockquote class=\"twitter-tweet\" data-lang=\"es\">\n<p dir=\"ltr\" lang=\"es\">\u00a1Hola <a href=\"https:\/\/twitter.com\/Chivas\">@Chivas<\/a>! &#x1f44b; &#x1f410; &#x1f1f2;&#x1f1fd;<\/p>\n<p>Aficionados del Reba\u00f1o Sagrado visitaron a <a href=\"https:\/\/twitter.com\/Csalcedojr\">@Csalcedojr<\/a> en el entrenamiento en Fr\u00e1ncfort &#x1f534;&#x1f603;\u26aa\ufe0f <a href=\"https:\/\/twitter.com\/hashtag\/SGE?src=hash\">#SGE<\/a> <a href=\"https:\/\/t.co\/KNYFMjpDoL\">pic.twitter.com\/KNYFMjpDoL<\/a><\/p>\n<p>\u2014 eintracht_esp (@eintracht_esp) <a href=\"https:\/\/twitter.com\/eintracht_esp\/status\/905072336801591297\">5 de septiembre de 2017<\/a><\/p><\/blockquote>\n<p><script async src=\"\/\/platform.twitter.com\/widgets.js\" charset=\"utf-8\"><\/script><\/p>\n<p>A esta petici\u00f3n de las Chivas, se ha sumado el Eintracht de Frankfurt que tambi\u00e9n se ha dado la tarea de poner en sus redes sociales una publicaci\u00f3n para encontrar al seguidor alem\u00e1n del Reba\u00f1o.<\/p>\n<blockquote class=\"twitter-tweet\" data-lang=\"es\">\n<p dir=\"ltr\" lang=\"es\">\u00a1Buscaremos al fan, <a href=\"https:\/\/twitter.com\/Chivas\">@Chivas<\/a>!&#x1f609;<br \/>\n\u00bfNos ayudan a encontrar a un gran fan de <a href=\"https:\/\/twitter.com\/Csalcedojr\">@Csalcedojr<\/a> para que le mandemos un &#x1f455; de <a href=\"https:\/\/twitter.com\/hashtag\/Eintracht?src=hash\">#Eintracht<\/a> autografiado? \u26ab\u26aa\u2764 <a href=\"https:\/\/t.co\/xWJuScumzB\">pic.twitter.com\/xWJuScumzB<\/a><\/p>\n<p>\u2014 eintracht_esp (@eintracht_esp) <a href=\"https:\/\/twitter.com\/eintracht_esp\/status\/905149859296096256\">5 de septiembre de 2017<\/a><\/p><\/blockquote>\n<p><script async src=\"\/\/platform.twitter.com\/widgets.js\" charset=\"utf-8\"><\/script><\/p>\n","protected":false},"excerpt":{"rendered":"<p>Carlos Salcedo pos\u00f3 con un aficionado seguidor de las Chivas, y el equipo quiere regalarle una playera autografiada<\/p>\n","protected":false},"author":20,"featured_media":498290,"comment_status":"closed","ping_status":"closed","sticky":false,"template":"","format":"standard","meta":[],"categories":[9808,3839,2198,3845],"tags":[5531,70,3588],"_links":{"self":[{"href":"http:\/\/desarrollo.grupomedios.com\/futbol\/wp-json\/wp\/v2\/posts\/498288"}],"collection":[{"href":"http:\/\/desarrollo.grupomedios.com\/futbol\/wp-json\/wp\/v2\/posts"}],"about":[{"href":"http:\/\/desarrollo.grupomedios.com\/futbol\/wp-json\/wp\/v2\/types\/post"}],"author":[{"embeddable":true,"href":"http:\/\/desarrollo.grupomedios.com\/futbol\/wp-json\/wp\/v2\/users\/20"}],"replies":[{"embeddable":true,"href":"http:\/\/desarrollo.grupomedios.com\/futbol\/wp-json\/wp\/v2\/comments?post=498288"}],"version-history":[{"count":2,"href":"http:\/\/desarrollo.grupomedios.com\/futbol\/wp-json\/wp\/v2\/posts\/498288\/revisions"}],"predecessor-version":[{"id":498301,"href":"http:\/\/desarrollo.grupomedios.com\/futbol\/wp-json\/wp\/v2\/posts\/498288\/revisions\/498301"}],"wp:featuredmedia":[{"embeddable":true,"href":"http:\/\/desarrollo.grupomedios.com\/futbol\/wp-json\/wp\/v2\/media\/498290"}],"wp:attachment":[{"href":"http:\/\/desarrollo.grupomedios.com\/futbol\/wp-json\/wp\/v2\/media?parent=498288"}],"wp:term":[{"taxonomy":"category","embeddable":true,"href":"http:\/\/desarrollo.grupomedios.com\/futbol\/wp-json\/wp\/v2\/categories?post=498288"},{"taxonomy":"post_tag","embeddable":true,"href":"http:\/\/desarrollo.grupomedios.com\/futbol\/wp-json\/wp\/v2\/tags?post=498288"}],"curies":[{"name":"wp","href":"https:\/\/api.w.org\/{rel}","templated":true}]}}