{"id":498289,"date":"2017-09-05T17:08:09","date_gmt":"2017-09-05T22:08:09","guid":{"rendered":"https:\/\/www.futboltotal.com.mx\/?p=498289"},"modified":"2017-09-05T17:08:09","modified_gmt":"2017-09-05T22:08:09","slug":"cara-a-cara-costa-rica-vs-mexico","status":"publish","type":"post","link":"http:\/\/desarrollo.grupomedios.com\/futbol\/futbol-mexicano\/cara-a-cara-costa-rica-vs-mexico\/2017\/09","title":{"rendered":"Cara a cara: Costa Rica vs M\u00e9xico"},"content":{"rendered":"<p>Este martes se <span style=\"color: #3366ff;\"><a style=\"color: #3366ff;\" href=\"https:\/\/www.futboltotal.com.mx\/2017\/09\/costa-rica-vs-mexico-hexagonal-final-minuto-a-minuto\/\" target=\"_blank\" rel=\"noopener noreferrer\">jugar\u00e1 el Costa Rica vs M\u00e9xico en el estadio Nacional<\/a><\/span> de San Jos\u00e9 en el pa\u00eds tico, donde los locales buscar\u00e1n clasificarse a la Copa del Mundo de Rusia 2018.<\/p>\n<p>El rival para el equipo de<strong> Costa Rica<\/strong> ser\u00e1 <strong>M\u00e9xico<\/strong>, pa\u00eds con el que ha ido en crecimiento en los \u00faltimos a\u00f1os y sus jugadores han comenzado a destacar internacionalmente.<\/p>\n<p>Incluso la actuaci\u00f3n durante el Mundial de 2014 dio un impulso a los ticos, que han destacado en la zona de Concacaf junto a su rival de esta noche. Es por ello que en <strong>Futbol Total<\/strong> te presentamos un <strong>Cara a Cara: Costa Rica vs M\u00e9xico<\/strong>.<\/p>\n<p style=\"text-align: center;\"><span style=\"color: #3366ff;\"><a style=\"color: #3366ff;\" href=\"https:\/\/www.futboltotal.com.mx\/2017\/09\/futbolista-ficha-chelsea-conte-apago-celular\/\">VER M\u00c1S: Futbolista no ficha con Chelsea porque Conte apag\u00f3 su celular<\/a><\/span><\/p>\n<p><a href=\"https:\/\/www.futboltotal.com.mx\/wp-content\/uploads\/2017\/09\/cara-a-cara-costa-rica-mexico.jpg\"><img decoding=\"async\" loading=\"lazy\" class=\"size-full wp-image-498291 aligncenter\" src=\"https:\/\/www.futboltotal.com.mx\/wp-content\/uploads\/2017\/09\/cara-a-cara-costa-rica-mexico.jpg\" alt=\"Cara a cara: Costa Rica vs M\u00e9xico 0\" srcset=\"http:\/\/desarrollo.grupomedios.com\/futbol\/wp-content\/uploads\/2017\/09\/cara-a-cara-costa-rica-mexico.jpg 858w, http:\/\/desarrollo.grupomedios.com\/futbol\/wp-content\/uploads\/2017\/09\/cara-a-cara-costa-rica-mexico-184x300.jpg 184w, http:\/\/desarrollo.grupomedios.com\/futbol\/wp-content\/uploads\/2017\/09\/cara-a-cara-costa-rica-mexico-768x1255.jpg 768w, http:\/\/desarrollo.grupomedios.com\/futbol\/wp-content\/uploads\/2017\/09\/cara-a-cara-costa-rica-mexico-627x1024.jpg 627w\" sizes=\"(max-width: 858px) 100vw, 858px\" \/><\/a><\/p>\n","protected":false},"excerpt":{"rendered":"<p>Estos jugadores se ver\u00e1n la cara dentro del campo.<\/p>\n","protected":false},"author":20,"featured_media":470876,"comment_status":"closed","ping_status":"closed","sticky":false,"template":"","format":"standard","meta":[],"categories":[7570,3839,2198,3847],"tags":[213,6447],"_links":{"self":[{"href":"http:\/\/desarrollo.grupomedios.com\/futbol\/wp-json\/wp\/v2\/posts\/498289"}],"collection":[{"href":"http:\/\/desarrollo.grupomedios.com\/futbol\/wp-json\/wp\/v2\/posts"}],"about":[{"href":"http:\/\/desarrollo.grupomedios.com\/futbol\/wp-json\/wp\/v2\/types\/post"}],"author":[{"embeddable":true,"href":"http:\/\/desarrollo.grupomedios.com\/futbol\/wp-json\/wp\/v2\/users\/20"}],"replies":[{"embeddable":true,"href":"http:\/\/desarrollo.grupomedios.com\/futbol\/wp-json\/wp\/v2\/comments?post=498289"}],"version-history":[{"count":1,"href":"http:\/\/desarrollo.grupomedios.com\/futbol\/wp-json\/wp\/v2\/posts\/498289\/revisions"}],"predecessor-version":[{"id":498302,"href":"http:\/\/desarrollo.grupomedios.com\/futbol\/wp-json\/wp\/v2\/posts\/498289\/revisions\/498302"}],"wp:featuredmedia":[{"embeddable":true,"href":"http:\/\/desarrollo.grupomedios.com\/futbol\/wp-json\/wp\/v2\/media\/470876"}],"wp:attachment":[{"href":"http:\/\/desarrollo.grupomedios.com\/futbol\/wp-json\/wp\/v2\/media?parent=498289"}],"wp:term":[{"taxonomy":"category","embeddable":true,"href":"http:\/\/desarrollo.grupomedios.com\/futbol\/wp-json\/wp\/v2\/categories?post=498289"},{"taxonomy":"post_tag","embeddable":true,"href":"http:\/\/desarrollo.grupomedios.com\/futbol\/wp-json\/wp\/v2\/tags?post=498289"}],"curies":[{"name":"wp","href":"https:\/\/api.w.org\/{rel}","templated":true}]}}