{"id":498305,"date":"2017-09-05T17:21:00","date_gmt":"2017-09-05T22:21:00","guid":{"rendered":"https:\/\/www.futboltotal.com.mx\/?p=498305"},"modified":"2017-09-05T17:21:00","modified_gmt":"2017-09-05T22:21:00","slug":"canelo-golovkin-una-pelea-espectacular","status":"publish","type":"post","link":"http:\/\/desarrollo.grupomedios.com\/futbol\/box\/canelo-golovkin-una-pelea-espectacular\/2017\/09","title":{"rendered":"Canelo-Golovkin, &#8220;una pelea espectacular&#8221;"},"content":{"rendered":"<p>La pelea entre el kazako <strong>Gennady Golovkin<\/strong> y el mexicano <strong>Sa\u00fal &#8216;Canelo&#8217; \u00c1lvarez<\/strong>, el 16 de septiembre en Las Vegas, enfrentar\u00e1 a la experiencia con la juventud, afirm\u00f3 hoy el presidente del Consejo Mundial de Boxeo (<strong>CMB<\/strong>), <strong>Mauricio Sulaim\u00e1n<\/strong>.<\/p>\n<p>Golovkin, de 35 a\u00f1os, llegar\u00e1 invicto con 37 triunfos, 33 antes del l\u00edmite, y \u00c1lvarez, de 27 a\u00f1os, se presentar\u00e1 con 49 victorias, 34 por la v\u00eda r\u00e1pida, un triunfo y un empate.<\/p>\n<p>&#8220;Es una pelea muy pareja. Se encuentra la experiencia contra la juventud, la fortaleza contra la velocidad y ambos siempre llegan muy bien preparados a las peleas&#8221;, dijo hoy Sulaim\u00e1n.<\/p>\n<p style=\"text-align: center;\"><span style=\"color: #333399;\"><a style=\"color: #333399;\" href=\"https:\/\/www.futboltotal.com.mx\/2017\/08\/golovkin-tendra-apoyo-de-julio-cesar-chavez\/\">VER M\u00c1S:\u00a0<span class=\"item-title\">Julio C\u00e9sar Ch\u00e1vez ya tiene su favorito para la \u2018Canelo\u2019-Golovkin<\/span><\/a><\/span><\/p>\n<p>&#8220;Esperemos que los estilos se acoplen para que se d\u00e9 una gran pelea. Hay un gran inter\u00e9s en todo el mundo por esta pelea y ser\u00e1 hist\u00f3rica&#8221;, a\u00f1adi\u00f3.<\/p>\n<p>El dirigente record\u00f3 que Golovkin saldr\u00e1 como campe\u00f3n de peso mediano del Consejo y el ganador ser\u00e1 reconocido como &#8220;el mejor boxeador del momento&#8221; en el mundo del boxeo y levantar\u00e1 ese t\u00edtulo adem\u00e1s de un cintur\u00f3n conmemorativo con arte huichol que se entrega de manera especial y que hoy fue presentado.<\/p>\n<p>En la pelea del 5 de mayo ante su compatriota Julio C\u00e9sar Ch\u00e1vez Jr., &#8216;Canelo&#8217; rechaz\u00f3 el cintur\u00f3n conmemorativo y, de ganar, podr\u00eda seguir el mismo camino ya que no quiere saber nada del CMB que lo desconoci\u00f3 como campe\u00f3n y le entreg\u00f3 su t\u00edtulo a Golovkin hace un a\u00f1o.<\/p>\n<p style=\"text-align: center;\"><span style=\"color: #333399;\"><a style=\"color: #333399;\" href=\"https:\/\/www.futboltotal.com.mx\/2016\/01\/oscar-de-la-hoya-habla-de-canelo-vs-golovkin\/\">VER M\u00c1S:\u00a0<span class=\"item-title\">Oscar de la Hoya habla de Canelo vs. Golovkin<\/span><\/a><\/span><\/p>\n<p>Adem\u00e1s del cinto del CMB, en el enfrentamiento estar\u00e1n en juego los t\u00edtulos de peso mediano de la Asociaci\u00f3n Mundial de Boxeo (AMB), Federaci\u00f3n Internacional de Boxeo (FIB) y Organizaci\u00f3n Mundial de Boxeo (OMB).<\/p>\n<p>Sulaim\u00e1n anticip\u00f3 &#8220;una pelea espectacular, con gran inter\u00e9s y expectativa&#8221;.<\/p>\n","protected":false},"excerpt":{"rendered":"<p>La pelea del 16 de septiembre la califica como un combate de experiencia contra juventud<\/p>\n","protected":false},"author":144,"featured_media":498308,"comment_status":"closed","ping_status":"closed","sticky":false,"template":"","format":"standard","meta":[],"categories":[6282,6411],"tags":[9117,8004],"_links":{"self":[{"href":"http:\/\/desarrollo.grupomedios.com\/futbol\/wp-json\/wp\/v2\/posts\/498305"}],"collection":[{"href":"http:\/\/desarrollo.grupomedios.com\/futbol\/wp-json\/wp\/v2\/posts"}],"about":[{"href":"http:\/\/desarrollo.grupomedios.com\/futbol\/wp-json\/wp\/v2\/types\/post"}],"author":[{"embeddable":true,"href":"http:\/\/desarrollo.grupomedios.com\/futbol\/wp-json\/wp\/v2\/users\/144"}],"replies":[{"embeddable":true,"href":"http:\/\/desarrollo.grupomedios.com\/futbol\/wp-json\/wp\/v2\/comments?post=498305"}],"version-history":[{"count":1,"href":"http:\/\/desarrollo.grupomedios.com\/futbol\/wp-json\/wp\/v2\/posts\/498305\/revisions"}],"predecessor-version":[{"id":498310,"href":"http:\/\/desarrollo.grupomedios.com\/futbol\/wp-json\/wp\/v2\/posts\/498305\/revisions\/498310"}],"wp:featuredmedia":[{"embeddable":true,"href":"http:\/\/desarrollo.grupomedios.com\/futbol\/wp-json\/wp\/v2\/media\/498308"}],"wp:attachment":[{"href":"http:\/\/desarrollo.grupomedios.com\/futbol\/wp-json\/wp\/v2\/media?parent=498305"}],"wp:term":[{"taxonomy":"category","embeddable":true,"href":"http:\/\/desarrollo.grupomedios.com\/futbol\/wp-json\/wp\/v2\/categories?post=498305"},{"taxonomy":"post_tag","embeddable":true,"href":"http:\/\/desarrollo.grupomedios.com\/futbol\/wp-json\/wp\/v2\/tags?post=498305"}],"curies":[{"name":"wp","href":"https:\/\/api.w.org\/{rel}","templated":true}]}}