{"id":498317,"date":"2017-09-05T18:22:42","date_gmt":"2017-09-05T23:22:42","guid":{"rendered":"https:\/\/www.futboltotal.com.mx\/?p=498317"},"modified":"2017-09-05T18:22:42","modified_gmt":"2017-09-05T23:22:42","slug":"costa-rica-presume-tener-extranjeros-mexico","status":"publish","type":"post","link":"http:\/\/desarrollo.grupomedios.com\/futbol\/futbol-internacional\/costa-rica-presume-tener-extranjeros-mexico\/2017\/09","title":{"rendered":"Costa Rica presume tener m\u00e1s extranjeros que M\u00e9xico"},"content":{"rendered":"<p>La <strong>Selecci\u00f3n de Costa Rica<\/strong> vive un gran momento y tambi\u00e9n sus futbolistas, que poco a poco han ido saliendo del pa\u00eds para ganar experiencia internacionalmente.<\/p>\n<p>Es por ello que el conjunto<em> Tico<\/em> puede presumir que cuenta con m\u00e1s jugadores en el extranjero que <strong>M\u00e9xico<\/strong>, su rival de esta noche.<\/p>\n<p>De los 15 ticos, siete se desempe\u00f1an en la Major League Soccer: Kendall Waston y Cristian Bola\u00f1os (Vancouver Whitecaps), Francisco Calvo y Johan Venegas (Minnesota United), David Guzm\u00e1n (Portland Timbers), Rodney Wallace (New York City) y Marco Ure\u00f1a (San Jos\u00e9 Earthquakes); por dos del <em>Tri<\/em>: <strong>Jonathan y Giovani dos Santos (LA Galaxy)<\/strong>.<\/p>\n<p style=\"text-align: center;\"><span style=\"color: #3366ff;\"><a style=\"color: #3366ff;\" href=\"https:\/\/www.futboltotal.com.mx\/2017\/09\/habra-lobos-buap-tv-juego-ante-morelia\/\">VER M\u00c1S: Habr\u00e1 Lobos BUAP TV para juego ante Morelia<\/a><\/span><\/p>\n<p>Si Andr\u00e9s Guardado est\u00e1 en el Betis y Carlos Vela en la Real Sociedad, Celso Borges juega en el Deportivo la Coru\u00f1a; si H\u00e9ctor Moreno juega en la Roma, Giancarlo Gonz\u00e1lez en el Bologna, mientras que si Chicharito est\u00e1 en el West Ham, Bryan Oviedo est\u00e1 en el Sunderland y Cristian Gamboa en el Celtic de Escocia.<\/p>\n<p>Si Memo Ochoa juega en el Standard de Lieja en B\u00e9lgica, Yeltsin Tejeda lo hace en el Lausanne de Suiza y si Tecatito Corona, H\u00e9ctor Herrera, Diego Reyes y Ra\u00fal Jim\u00e9nez juegan con el Porto y Benfica en Portugal, Bryan Ruiz tambi\u00e9n juega en la Liga NOS con el Sporting de Lisboa.<\/p>\n<p>El m\u00e1s ex\u00f3tico de los \u201clegionarios\u201d de Costa Rica es Michael Uma\u00f1a que juega en el Pars Jonoob de Ir\u00e1n, mientras que Hirving Lozano en el PSV en Holanda, cierra la cuenta de los legionarios del Tri.<\/p>\n<p style=\"text-align: center;\"><span style=\"color: #3366ff;\"><a style=\"color: #3366ff;\" href=\"https:\/\/www.futboltotal.com.mx\/2017\/09\/perro-interrumpe-colombia-vs-brasil-en-conmebol\/\">VER M\u00c1S: Un perro interrumpe el Colombia vs Brasil en Conmebol<\/a><\/span><\/p>\n<p><em>*Con informaci\u00f3n del portal Mediotiempo<\/em><\/p>\n","protected":false},"excerpt":{"rendered":"<p>Los Ticos presumen de sus futbolistas en el extranjero.<\/p>\n","protected":false},"author":20,"featured_media":471272,"comment_status":"closed","ping_status":"closed","sticky":false,"template":"","format":"standard","meta":[],"categories":[3839],"tags":[282,213,6214],"_links":{"self":[{"href":"http:\/\/desarrollo.grupomedios.com\/futbol\/wp-json\/wp\/v2\/posts\/498317"}],"collection":[{"href":"http:\/\/desarrollo.grupomedios.com\/futbol\/wp-json\/wp\/v2\/posts"}],"about":[{"href":"http:\/\/desarrollo.grupomedios.com\/futbol\/wp-json\/wp\/v2\/types\/post"}],"author":[{"embeddable":true,"href":"http:\/\/desarrollo.grupomedios.com\/futbol\/wp-json\/wp\/v2\/users\/20"}],"replies":[{"embeddable":true,"href":"http:\/\/desarrollo.grupomedios.com\/futbol\/wp-json\/wp\/v2\/comments?post=498317"}],"version-history":[{"count":1,"href":"http:\/\/desarrollo.grupomedios.com\/futbol\/wp-json\/wp\/v2\/posts\/498317\/revisions"}],"predecessor-version":[{"id":498329,"href":"http:\/\/desarrollo.grupomedios.com\/futbol\/wp-json\/wp\/v2\/posts\/498317\/revisions\/498329"}],"wp:featuredmedia":[{"embeddable":true,"href":"http:\/\/desarrollo.grupomedios.com\/futbol\/wp-json\/wp\/v2\/media\/471272"}],"wp:attachment":[{"href":"http:\/\/desarrollo.grupomedios.com\/futbol\/wp-json\/wp\/v2\/media?parent=498317"}],"wp:term":[{"taxonomy":"category","embeddable":true,"href":"http:\/\/desarrollo.grupomedios.com\/futbol\/wp-json\/wp\/v2\/categories?post=498317"},{"taxonomy":"post_tag","embeddable":true,"href":"http:\/\/desarrollo.grupomedios.com\/futbol\/wp-json\/wp\/v2\/tags?post=498317"}],"curies":[{"name":"wp","href":"https:\/\/api.w.org\/{rel}","templated":true}]}}