{"id":498346,"date":"2017-09-05T19:50:28","date_gmt":"2017-09-06T00:50:28","guid":{"rendered":"https:\/\/www.futboltotal.com.mx\/?p=498346"},"modified":"2017-09-05T19:50:28","modified_gmt":"2017-09-06T00:50:28","slug":"asi-rompio-en-llanto-narrador-gol-siria-en-ultimo-minuto","status":"publish","type":"post","link":"http:\/\/desarrollo.grupomedios.com\/futbol\/videos\/asi-rompio-en-llanto-narrador-gol-siria-en-ultimo-minuto\/2017\/09","title":{"rendered":"As\u00ed rompi\u00f3 en llanto un narrador con el gol de Siria en \u00faltimo minuto"},"content":{"rendered":"<p>La<strong> Selecci\u00f3n de Siria<\/strong> dio la<span style=\"color: #3366ff;\"> <a style=\"color: #3366ff;\" href=\"https:\/\/www.futboltotal.com.mx\/2017\/09\/siria-sorprende-esta-en-repechaje-rusia-2018\/\" target=\"_blank\" rel=\"noopener noreferrer\">sorpresa al obtener el pase a los Playoffs en las eliminatorias de Asia rumbo a Rusia 2018<\/a><\/span> luego de un gol en el minuto 92 ante Ir\u00e1n.<\/p>\n<p>En los \u00faltimos segundos, Omar Al- Samoah fue el h\u00e9ore sirio y puso el gol para que su selecci\u00f3n empatara el partido, mismo resultado que le sirvi\u00f3 para asegurar la clasificaci\u00f3n y mantener el sue\u00f1o mundialista.<\/p>\n<p>Fue un gol hist\u00f3rico para <strong>Siria<\/strong>, pues incluso el narrador del partido no pudo contener la emoci\u00f3n y festej\u00f3 el gol entre gritos y lagrimas para celebrar el tanto de su pa\u00eds.<\/p>\n<p style=\"text-align: center;\"><span style=\"color: #3366ff;\"><a style=\"color: #3366ff;\" href=\"https:\/\/www.futboltotal.com.mx\/2017\/09\/201709no-sera-azteca-sede-de-duelo-contra-trinidad-tobago\/\">VER M\u00c1S: \u00a1No ser\u00e1 el Azteca! M\u00e9xico da sede para duelo contra Trinidad y Tobago<\/a><\/span><\/p>\n<blockquote class=\"twitter-tweet\" data-width=\"500\">\n<p lang=\"en\" dir=\"ltr\">Syrian commentator breaks into tears after Omar Al-Somah&#39;s historic goal against Iran. Goosebumps. <a href=\"https:\/\/t.co\/MSUC2IBCD0\">pic.twitter.com\/MSUC2IBCD0<\/a><\/p>\n<p>&mdash; Mohamed Osama (@_DrOsama) <a href=\"https:\/\/twitter.com\/_DrOsama\/status\/905136609640710144\">September 5, 2017<\/a><\/p><\/blockquote>\n<p><script async src=\"\/\/platform.twitter.com\/widgets.js\" charset=\"utf-8\"><\/script><\/p>\n<p>La posible clasificaci\u00f3n al <strong>Mundial<\/strong> para <strong>Siria<\/strong> da un poco de &#8220;felicidad&#8221; a su gente debido a los malos momentos que est\u00e1 viviendo el pa\u00eds por las guerra en la que viven.<\/p>\n","protected":false},"excerpt":{"rendered":"<p>El narrador festej\u00f3 el hist\u00f3rico gol de su pa\u00eds.<\/p>\n","protected":false},"author":20,"featured_media":498348,"comment_status":"closed","ping_status":"closed","sticky":false,"template":"","format":"standard","meta":[],"categories":[3839,4],"tags":[8384],"_links":{"self":[{"href":"http:\/\/desarrollo.grupomedios.com\/futbol\/wp-json\/wp\/v2\/posts\/498346"}],"collection":[{"href":"http:\/\/desarrollo.grupomedios.com\/futbol\/wp-json\/wp\/v2\/posts"}],"about":[{"href":"http:\/\/desarrollo.grupomedios.com\/futbol\/wp-json\/wp\/v2\/types\/post"}],"author":[{"embeddable":true,"href":"http:\/\/desarrollo.grupomedios.com\/futbol\/wp-json\/wp\/v2\/users\/20"}],"replies":[{"embeddable":true,"href":"http:\/\/desarrollo.grupomedios.com\/futbol\/wp-json\/wp\/v2\/comments?post=498346"}],"version-history":[{"count":1,"href":"http:\/\/desarrollo.grupomedios.com\/futbol\/wp-json\/wp\/v2\/posts\/498346\/revisions"}],"predecessor-version":[{"id":498349,"href":"http:\/\/desarrollo.grupomedios.com\/futbol\/wp-json\/wp\/v2\/posts\/498346\/revisions\/498349"}],"wp:featuredmedia":[{"embeddable":true,"href":"http:\/\/desarrollo.grupomedios.com\/futbol\/wp-json\/wp\/v2\/media\/498348"}],"wp:attachment":[{"href":"http:\/\/desarrollo.grupomedios.com\/futbol\/wp-json\/wp\/v2\/media?parent=498346"}],"wp:term":[{"taxonomy":"category","embeddable":true,"href":"http:\/\/desarrollo.grupomedios.com\/futbol\/wp-json\/wp\/v2\/categories?post=498346"},{"taxonomy":"post_tag","embeddable":true,"href":"http:\/\/desarrollo.grupomedios.com\/futbol\/wp-json\/wp\/v2\/tags?post=498346"}],"curies":[{"name":"wp","href":"https:\/\/api.w.org\/{rel}","templated":true}]}}