{"id":498403,"date":"2017-09-06T11:47:28","date_gmt":"2017-09-06T16:47:28","guid":{"rendered":"https:\/\/www.futboltotal.com.mx\/?p=498403"},"modified":"2017-09-06T12:37:47","modified_gmt":"2017-09-06T17:37:47","slug":"chucky-lozano-elegido-jugador-del-mes-en-holanda","status":"publish","type":"post","link":"http:\/\/desarrollo.grupomedios.com\/futbol\/destacado-home\/chucky-lozano-elegido-jugador-del-mes-en-holanda\/2017\/09","title":{"rendered":"Chucky Lozano, elegido jugador del mes en Holanda"},"content":{"rendered":"<p><strong>Hirving &#8216;Chucky&#8217; Lozano<\/strong>, fue reconocido por la<strong> Eredivisie<\/strong> como el mejor jugador del mes de <strong>Agosto<\/strong> en <strong>Holanda<\/strong>.<\/p>\n<p>A Lozano lo respaldan sus seis ocasiones creadas de gol y <strong>tres tantos anotados<\/strong>, adem\u00e1s de<strong> una asistencia<\/strong>; teniendo una efectividad de <strong>75% de efectividad de pase<\/strong> y ha acumulado <strong>259 minutos de partido<\/strong>.<\/p>\n<p style=\"text-align: center;\"><span style=\"color: #333399;\"><a style=\"color: #333399;\" href=\"https:\/\/www.futboltotal.com.mx\/2017\/09\/conmebol-posiciones-eliminatoria-mundial-de-rusia-2018\/\" target=\"_blank\" rel=\"noopener noreferrer\">VER M\u00c1S:\u00a0As\u00ed va la eliminatoria en Conmebol\u00a0<\/a><\/span><\/p>\n<p>El futbolista del <strong>PSV Eindhoven<\/strong> anot\u00f3 3 goles en sus 3 primeros encuentros y su equipo se encuentra en la segunda posici\u00f3n de la tabla general con nueve puntos, por debajo del <strong>Feyenoord<\/strong>, quien lleva la punta por mejor diferencia de goles.<\/p>\n<p>&#8220;En las primeras tres jornadas de la Eredivisie de este a\u00f1o, el atacante del PSV parece ser el mejor jugador. \u00bfEst\u00e1n de acuerdo con la elecci\u00f3n de Lozano? Dejen su opini\u00f3n en los comentarios&#8221;, se puede leer en la publicaci\u00f3n.<\/p>\n<blockquote class=\"twitter-tweet\" data-lang=\"es\">\n<p dir=\"ltr\" lang=\"nl\">Met statistieken van <a href=\"https:\/\/twitter.com\/OptaJohan\">@OptaJohan<\/a> kiezen we vanaf nu maandelijks een speler-, talent-en elftal vd maand! Augustus &#x1f447;<a href=\"https:\/\/t.co\/Z5ZtCByZcI\">https:\/\/t.co\/Z5ZtCByZcI<\/a> <a href=\"https:\/\/t.co\/II8oAYLbDo\">pic.twitter.com\/II8oAYLbDo<\/a><\/p>\n<p>\u2014 Eredivisie (@eredivisie) <a href=\"https:\/\/twitter.com\/eredivisie\/status\/905391032107507712\">6 de septiembre de 2017<\/a><\/p><\/blockquote>\n<p><script async src=\"\/\/platform.twitter.com\/widgets.js\" charset=\"utf-8\"><\/script><\/p>\n<p style=\"text-align: center;\"><span style=\"color: #333399;\"><a style=\"color: #333399;\" href=\"https:\/\/www.futboltotal.com.mx\/2017\/09\/memes-costa-rica-mexico-hexagonal-final-mundial-rusia-2018\/\" target=\"_blank\" rel=\"noopener noreferrer\">VER M\u00c1S: Los memes del Costa Rica-M\u00e9xico<\/a><\/span><\/p>\n","protected":false},"excerpt":{"rendered":"<p>El atacante del PSV fue reconocido por su destacado arranque<\/p>\n","protected":false},"author":20,"featured_media":494976,"comment_status":"closed","ping_status":"closed","sticky":false,"template":"","format":"standard","meta":[],"categories":[5,3839],"tags":[6944,4420,5196,6024,3224],"_links":{"self":[{"href":"http:\/\/desarrollo.grupomedios.com\/futbol\/wp-json\/wp\/v2\/posts\/498403"}],"collection":[{"href":"http:\/\/desarrollo.grupomedios.com\/futbol\/wp-json\/wp\/v2\/posts"}],"about":[{"href":"http:\/\/desarrollo.grupomedios.com\/futbol\/wp-json\/wp\/v2\/types\/post"}],"author":[{"embeddable":true,"href":"http:\/\/desarrollo.grupomedios.com\/futbol\/wp-json\/wp\/v2\/users\/20"}],"replies":[{"embeddable":true,"href":"http:\/\/desarrollo.grupomedios.com\/futbol\/wp-json\/wp\/v2\/comments?post=498403"}],"version-history":[{"count":1,"href":"http:\/\/desarrollo.grupomedios.com\/futbol\/wp-json\/wp\/v2\/posts\/498403\/revisions"}],"predecessor-version":[{"id":498409,"href":"http:\/\/desarrollo.grupomedios.com\/futbol\/wp-json\/wp\/v2\/posts\/498403\/revisions\/498409"}],"wp:featuredmedia":[{"embeddable":true,"href":"http:\/\/desarrollo.grupomedios.com\/futbol\/wp-json\/wp\/v2\/media\/494976"}],"wp:attachment":[{"href":"http:\/\/desarrollo.grupomedios.com\/futbol\/wp-json\/wp\/v2\/media?parent=498403"}],"wp:term":[{"taxonomy":"category","embeddable":true,"href":"http:\/\/desarrollo.grupomedios.com\/futbol\/wp-json\/wp\/v2\/categories?post=498403"},{"taxonomy":"post_tag","embeddable":true,"href":"http:\/\/desarrollo.grupomedios.com\/futbol\/wp-json\/wp\/v2\/tags?post=498403"}],"curies":[{"name":"wp","href":"https:\/\/api.w.org\/{rel}","templated":true}]}}