{"id":498408,"date":"2017-09-06T10:33:40","date_gmt":"2017-09-06T15:33:40","guid":{"rendered":"https:\/\/www.futboltotal.com.mx\/?p=498408"},"modified":"2017-09-06T10:33:40","modified_gmt":"2017-09-06T15:33:40","slug":"jugador-mexicano-basquetbol-borracho-detenido-en-argentina","status":"publish","type":"post","link":"http:\/\/desarrollo.grupomedios.com\/futbol\/cambio-de-juego\/jugador-mexicano-basquetbol-borracho-detenido-en-argentina\/2017\/09","title":{"rendered":"Jugador mexicano de b\u00e1squetbol, borracho y detenido en Argentina"},"content":{"rendered":"<p>El triunfo de la <strong>Selecci\u00f3n Mexicana<\/strong> de <strong>b\u00e1squetbol<\/strong> para llevarse el bronce de la AmeriCup 2017 en Argentina dej\u00f3 un momento negativo como consecuencia del aparente festejo del jugador <strong>H\u00e9ctor Hern\u00e1ndez<\/strong>, parte del equipo mexicano, quien termin\u00f3 en estado de ebriedad y arriba de una patrulla policiaca.<\/p>\n<p>Tras derrotar a Islas V\u00edrgenes en el juego por el tercer lugar, Hern\u00e1ndez decidi\u00f3 grabar parte de los festejos del equipo azteca\u00a0y compartirlo por redes sociales.<\/p>\n<p style=\"text-align: center;\"><a href=\"https:\/\/www.futboltotal.com.mx\/2017\/09\/11-ideal-eliminatorias-mundialistas-rumbo-rusia-2018\/\" target=\"_blank\" rel=\"noopener noreferrer\"><span style=\"color: #333399;\">VER M\u00c1S: El 11 ideal de las Eliminatorias Mundialistas rumbo a Rusia 2018<\/span><\/a><\/p>\n<p>Al inicio de la grabaci\u00f3n, el apodado <em>Virito<\/em> aparece tomando de una botella mientras celebra junto a algunos compa\u00f1eros de selecci\u00f3n como <strong>Lorenzo Mata<\/strong>, para despu\u00e9s aparecer im\u00e1genes del jugador junto a su equipo, as\u00ed como con el coach Jeff Van Gundy.<\/p>\n<p>Sin embargo, despu\u00e9s se ve a <strong>Hern\u00e1ndez<\/strong> grabando el momento en el que est\u00e1 en la parte trasera de una patrulla y le pide a los oficiales que lo acompa\u00f1an que digan sus nombres, mientras el mexicano suena en estado inconveniente.<\/p>\n<p><iframe loading=\"lazy\" src=\"https:\/\/www.youtube.com\/embed\/3T0XVwvpjpg\" frameborder=\"0\" allowfullscreen=\"allowfullscreen\"><\/iframe><\/p>\n","protected":false},"excerpt":{"rendered":"<p>El propio H\u00e9ctor &#8216;Virito&#8217; Hern\u00e1ndez se grab\u00f3 en estado inconveniente.<\/p>\n","protected":false},"author":20,"featured_media":498420,"comment_status":"closed","ping_status":"closed","sticky":false,"template":"","format":"standard","meta":[],"categories":[5419,6411],"tags":[5996,6208,10093,65],"_links":{"self":[{"href":"http:\/\/desarrollo.grupomedios.com\/futbol\/wp-json\/wp\/v2\/posts\/498408"}],"collection":[{"href":"http:\/\/desarrollo.grupomedios.com\/futbol\/wp-json\/wp\/v2\/posts"}],"about":[{"href":"http:\/\/desarrollo.grupomedios.com\/futbol\/wp-json\/wp\/v2\/types\/post"}],"author":[{"embeddable":true,"href":"http:\/\/desarrollo.grupomedios.com\/futbol\/wp-json\/wp\/v2\/users\/20"}],"replies":[{"embeddable":true,"href":"http:\/\/desarrollo.grupomedios.com\/futbol\/wp-json\/wp\/v2\/comments?post=498408"}],"version-history":[{"count":1,"href":"http:\/\/desarrollo.grupomedios.com\/futbol\/wp-json\/wp\/v2\/posts\/498408\/revisions"}],"predecessor-version":[{"id":498423,"href":"http:\/\/desarrollo.grupomedios.com\/futbol\/wp-json\/wp\/v2\/posts\/498408\/revisions\/498423"}],"wp:featuredmedia":[{"embeddable":true,"href":"http:\/\/desarrollo.grupomedios.com\/futbol\/wp-json\/wp\/v2\/media\/498420"}],"wp:attachment":[{"href":"http:\/\/desarrollo.grupomedios.com\/futbol\/wp-json\/wp\/v2\/media?parent=498408"}],"wp:term":[{"taxonomy":"category","embeddable":true,"href":"http:\/\/desarrollo.grupomedios.com\/futbol\/wp-json\/wp\/v2\/categories?post=498408"},{"taxonomy":"post_tag","embeddable":true,"href":"http:\/\/desarrollo.grupomedios.com\/futbol\/wp-json\/wp\/v2\/tags?post=498408"}],"curies":[{"name":"wp","href":"https:\/\/api.w.org\/{rel}","templated":true}]}}