{"id":498427,"date":"2017-09-06T10:55:35","date_gmt":"2017-09-06T15:55:35","guid":{"rendered":"https:\/\/www.futboltotal.com.mx\/?p=498427"},"modified":"2017-09-06T10:55:35","modified_gmt":"2017-09-06T15:55:35","slug":"puebla-se-refuerza-defensa-colombiano","status":"publish","type":"post","link":"http:\/\/desarrollo.grupomedios.com\/futbol\/futbol-mexicano\/puebla-se-refuerza-defensa-colombiano\/2017\/09","title":{"rendered":"Puebla se refuerza con defensa colombiano"},"content":{"rendered":"<p>El cuadro de<strong> Puebla<\/strong> anunci\u00f3 la llegada de un nuevo refuerzo, el defensa colombiano\u00a0<strong>Jhon Steven Mondrag\u00f3n<\/strong>, que llega proveniente del futbol de Espa\u00f1a.<\/p>\n<p>El cafetalero de apenas 22 a\u00f1os, no debut\u00f3 en su pa\u00eds, desde joven fue fichado por la cantera del <strong>Osasuna<\/strong>.<\/p>\n<blockquote class=\"twitter-tweet\" data-lang=\"es\">\n<p dir=\"ltr\" lang=\"es\">\u2022Bienvenido Jhon Steven Mondrag\u00f3n, a portar con orgullo esta franja en tu nueva casa &#8220;El Fuerte de Maravillas&#8221;. <a href=\"https:\/\/twitter.com\/hashtag\/M%C3%A1sQueUnaFranja?src=hash\">#M\u00e1sQueUnaFranja<\/a> <a href=\"https:\/\/t.co\/qq1sEla7Pn\">pic.twitter.com\/qq1sEla7Pn<\/a><\/p>\n<p>\u2014 Club Puebla&#x1f3bd; (@ClubPueblaMX) <a href=\"https:\/\/twitter.com\/ClubPueblaMX\/status\/905448184738193412\">6 de septiembre de 2017<\/a><\/p><\/blockquote>\n<p><script async src=\"\/\/platform.twitter.com\/widgets.js\" charset=\"utf-8\"><\/script><\/p>\n<p style=\"text-align: center;\"><span style=\"color: #333399;\"><a style=\"color: #333399;\" href=\"https:\/\/www.futboltotal.com.mx\/2017\/09\/11-ideal-eliminatorias-mundialistas-rumbo-rusia-2018\/\" target=\"_blank\" rel=\"noopener noreferrer\">VER M\u00c1S: 11 ideal de eliminatorias mundialistas rumbo a Rusia 2018<\/a><\/span><\/p>\n<p>La temporada pasada jug\u00f3 <strong>5 partidos<\/strong> en<strong> LaLiga<\/strong> y anot\u00f3<strong> 2\u00a0goles<\/strong> con el Osasuna, ahora termin\u00f3 su contrato con los de Pamplona y recae en la<strong> Liga MX<\/strong>.<\/p>\n<p><iframe loading=\"lazy\" src=\"https:\/\/www.youtube.com\/embed\/VyKhIuZM8hw?feature=oembed\" frameborder=\"0\" allowfullscreen><\/iframe><\/p>\n<p style=\"text-align: center;\"><span style=\"color: #333399;\"><a style=\"color: #333399;\" href=\"https:\/\/www.futboltotal.com.mx\/2017\/09\/policia-intervino-calmar-bolivia-chile\/\" target=\"_blank\" rel=\"noopener noreferrer\">VER M\u00c1S: Polic\u00eda intervino para calmar el Bolivia-Chile<\/a><\/span><\/p>\n","protected":false},"excerpt":{"rendered":"<p>El cuadro de la Franja contin\u00faa reforz\u00e1ndose<\/p>\n","protected":false},"author":20,"featured_media":498428,"comment_status":"closed","ping_status":"closed","sticky":false,"template":"","format":"standard","meta":[],"categories":[2198,3845],"tags":[10095,218,5969],"_links":{"self":[{"href":"http:\/\/desarrollo.grupomedios.com\/futbol\/wp-json\/wp\/v2\/posts\/498427"}],"collection":[{"href":"http:\/\/desarrollo.grupomedios.com\/futbol\/wp-json\/wp\/v2\/posts"}],"about":[{"href":"http:\/\/desarrollo.grupomedios.com\/futbol\/wp-json\/wp\/v2\/types\/post"}],"author":[{"embeddable":true,"href":"http:\/\/desarrollo.grupomedios.com\/futbol\/wp-json\/wp\/v2\/users\/20"}],"replies":[{"embeddable":true,"href":"http:\/\/desarrollo.grupomedios.com\/futbol\/wp-json\/wp\/v2\/comments?post=498427"}],"version-history":[{"count":1,"href":"http:\/\/desarrollo.grupomedios.com\/futbol\/wp-json\/wp\/v2\/posts\/498427\/revisions"}],"predecessor-version":[{"id":498430,"href":"http:\/\/desarrollo.grupomedios.com\/futbol\/wp-json\/wp\/v2\/posts\/498427\/revisions\/498430"}],"wp:featuredmedia":[{"embeddable":true,"href":"http:\/\/desarrollo.grupomedios.com\/futbol\/wp-json\/wp\/v2\/media\/498428"}],"wp:attachment":[{"href":"http:\/\/desarrollo.grupomedios.com\/futbol\/wp-json\/wp\/v2\/media?parent=498427"}],"wp:term":[{"taxonomy":"category","embeddable":true,"href":"http:\/\/desarrollo.grupomedios.com\/futbol\/wp-json\/wp\/v2\/categories?post=498427"},{"taxonomy":"post_tag","embeddable":true,"href":"http:\/\/desarrollo.grupomedios.com\/futbol\/wp-json\/wp\/v2\/tags?post=498427"}],"curies":[{"name":"wp","href":"https:\/\/api.w.org\/{rel}","templated":true}]}}