{"id":498445,"date":"2017-09-06T12:11:10","date_gmt":"2017-09-06T17:11:10","guid":{"rendered":"https:\/\/www.futboltotal.com.mx\/?p=498445"},"modified":"2017-09-06T12:11:10","modified_gmt":"2017-09-06T17:11:10","slug":"juventus-ya-lista-fichajes-la-proxima-temporada","status":"publish","type":"post","link":"http:\/\/desarrollo.grupomedios.com\/futbol\/futbol-internacional\/juventus-ya-lista-fichajes-la-proxima-temporada\/2017\/09","title":{"rendered":"Juventus ya tiene su lista de fichajes para la pr\u00f3xima temporada"},"content":{"rendered":"<p>A pesar que el mercado de fichajes se ha cerrado, la <strong>Juventus<\/strong> de <strong>Tur\u00edn<\/strong> ya tiene su lista de nombres que quiere traer para enero.<\/p>\n<p style=\"text-align: center;\"><span style=\"color: #333399;\"><a style=\"color: #333399;\" href=\"https:\/\/www.futboltotal.com.mx\/2017\/09\/cristiano-ronaldo-presume-ferrari-edicion-limitada\/\" target=\"_blank\" rel=\"noopener noreferrer\">VER M\u00c1S: Cristiano Ronaldo presume su Ferrari edici\u00f3n limitada<\/a><\/span><\/p>\n<p>De acuerdo con el diario italiano,\u00a0<em>Tuttosport<\/em>, la Juventus tiene en la mira a dos defensas que juegan en la liga de Espa\u00f1a; uno de ellos es el defensa charr\u00faa del <strong>Atl\u00e9tico de Madrid<\/strong>, <strong>Diego God\u00edn<\/strong>, mientras que el segundo nombres es<strong> Gerard Piqu\u00e9<\/strong> del <strong>Barcelona<\/strong>, al parecer est\u00e1n en busca de un nombre fuerte para suplir a Leonardo Bonucci.<\/p>\n<p>Otro nombre que ha surgido de manera fuerte es el de <strong>Pedro<\/strong>, quien hoy milita en el <strong>Chelsea<\/strong>. Estos nombres son con miras a pelear por todas las competiciones, buscando hacer una plantilla fuerte.<\/p>\n<p style=\"text-align: center;\"><span style=\"color: #333399;\"><a style=\"color: #333399;\" href=\"https:\/\/www.futboltotal.com.mx\/2017\/09\/policia-intervino-calmar-bolivia-chile\/\" target=\"_blank\" rel=\"noopener noreferrer\">VER M\u00c1S: Policia intervino para calmar el Bolivia-Chile<\/a><\/span><\/p>\n<p>&nbsp;<\/p>\n","protected":false},"excerpt":{"rendered":"<p>El cuadro de Tur\u00edn quiere ganar todas las competencias<\/p>\n","protected":false},"author":20,"featured_media":479956,"comment_status":"closed","ping_status":"closed","sticky":false,"template":"","format":"standard","meta":[],"categories":[7740,3839],"tags":[6007,5984,5981,6993,6015,5999,3396],"_links":{"self":[{"href":"http:\/\/desarrollo.grupomedios.com\/futbol\/wp-json\/wp\/v2\/posts\/498445"}],"collection":[{"href":"http:\/\/desarrollo.grupomedios.com\/futbol\/wp-json\/wp\/v2\/posts"}],"about":[{"href":"http:\/\/desarrollo.grupomedios.com\/futbol\/wp-json\/wp\/v2\/types\/post"}],"author":[{"embeddable":true,"href":"http:\/\/desarrollo.grupomedios.com\/futbol\/wp-json\/wp\/v2\/users\/20"}],"replies":[{"embeddable":true,"href":"http:\/\/desarrollo.grupomedios.com\/futbol\/wp-json\/wp\/v2\/comments?post=498445"}],"version-history":[{"count":2,"href":"http:\/\/desarrollo.grupomedios.com\/futbol\/wp-json\/wp\/v2\/posts\/498445\/revisions"}],"predecessor-version":[{"id":498448,"href":"http:\/\/desarrollo.grupomedios.com\/futbol\/wp-json\/wp\/v2\/posts\/498445\/revisions\/498448"}],"wp:featuredmedia":[{"embeddable":true,"href":"http:\/\/desarrollo.grupomedios.com\/futbol\/wp-json\/wp\/v2\/media\/479956"}],"wp:attachment":[{"href":"http:\/\/desarrollo.grupomedios.com\/futbol\/wp-json\/wp\/v2\/media?parent=498445"}],"wp:term":[{"taxonomy":"category","embeddable":true,"href":"http:\/\/desarrollo.grupomedios.com\/futbol\/wp-json\/wp\/v2\/categories?post=498445"},{"taxonomy":"post_tag","embeddable":true,"href":"http:\/\/desarrollo.grupomedios.com\/futbol\/wp-json\/wp\/v2\/tags?post=498445"}],"curies":[{"name":"wp","href":"https:\/\/api.w.org\/{rel}","templated":true}]}}