{"id":498451,"date":"2017-09-06T12:42:50","date_gmt":"2017-09-06T17:42:50","guid":{"rendered":"https:\/\/www.futboltotal.com.mx\/?p=498451"},"modified":"2017-09-06T12:48:50","modified_gmt":"2017-09-06T17:48:50","slug":"201709cuidador-coches-entreno-la-seleccion-brasil","status":"publish","type":"post","link":"http:\/\/desarrollo.grupomedios.com\/futbol\/cambio-de-juego\/201709cuidador-coches-entreno-la-seleccion-brasil\/2017\/09","title":{"rendered":"El cuidador de coches que entren\u00f3 con la Selecci\u00f3n de Brasil"},"content":{"rendered":"<p>El cuidador de coches,\u00a0<b>Diego Armando Duarte,\u00a0<\/b>tuvo una oportunidad invaluable para entrenar con la <strong>Selecci\u00f3n de Brasil<\/strong> en la reciente fecha <strong>FIFA<\/strong>.<\/p>\n<p>La historia se dio un d\u00eda antes del encuentro que empat\u00f3 Brasil ante <strong>Colombia<\/strong> cuando el entrenador del Scratch, <strong>Tit\u00e9<\/strong> pidi\u00f3 al trabajador que ingresara al vestidor para cambiarse junto a las figuras del conjunto brasile\u00f1o, ya que uno de los sparrings se hab\u00eda lesionado.<\/p>\n<p style=\"text-align: center;\"><span style=\"color: #333399;\"><a style=\"color: #333399;\" href=\"https:\/\/www.futboltotal.com.mx\/2017\/09\/lavezzi-arma-fiesta-locura-en-yate\/\" target=\"_blank\" rel=\"noopener noreferrer\">VER M\u00c1S: La fiesta que arm\u00f3 Lavezzi en un yate<\/a><\/span><\/p>\n<p><a href=\"https:\/\/www.futboltotal.com.mx\/wp-content\/uploads\/2017\/09\/cuidador-coches-brasil-1.jpg\"><img decoding=\"async\" loading=\"lazy\" class=\"alignnone size-full wp-image-498459\" src=\"https:\/\/www.futboltotal.com.mx\/wp-content\/uploads\/2017\/09\/cuidador-coches-brasil-1.jpg\" alt=\"El cuidador de coches que entren\u00f3 con la Selecci\u00f3n de Brasil 0\" srcset=\"http:\/\/desarrollo.grupomedios.com\/futbol\/wp-content\/uploads\/2017\/09\/cuidador-coches-brasil-1.jpg 1600w, http:\/\/desarrollo.grupomedios.com\/futbol\/wp-content\/uploads\/2017\/09\/cuidador-coches-brasil-1-300x211.jpg 300w, http:\/\/desarrollo.grupomedios.com\/futbol\/wp-content\/uploads\/2017\/09\/cuidador-coches-brasil-1-768x540.jpg 768w, http:\/\/desarrollo.grupomedios.com\/futbol\/wp-content\/uploads\/2017\/09\/cuidador-coches-brasil-1-1024x721.jpg 1024w\" sizes=\"(max-width: 1600px) 100vw, 1600px\" \/><\/a><\/p>\n<blockquote><p>\u201cSiempre so\u00f1\u00e9 con algo as\u00ed, es una experiencia \u00fanica y de las mejores en mi vida. Actualmente tengo a mi padre enfermo y <strong>Alisson<\/strong> (portero) me dio una fuerza enorme para poder pasar este momento. Es algo que ni todo el dinero compra y jam\u00e1s lo olvidar\u00e9\u201d, declar\u00f3 Duarte.<\/p><\/blockquote>\n<p>El encuentro se llev\u00f3 a cabo en la\u00a0<b>Arena Amazonia de Manaos\u00a0<\/b>y estuvo abierta para el p\u00fablico y se dieron cita\u00a0m\u00e1s de 36 mil aficionados.<\/p>\n<p style=\"text-align: center;\"><span style=\"color: #333399;\"><a style=\"color: #333399;\" href=\"https:\/\/www.futboltotal.com.mx\/2017\/09\/real-madrid-lanza-exclusiva-coleccion-adidas-originals\/\" target=\"_blank\" rel=\"noopener noreferrer\">VER M\u00c1S: Real Madrid presenta exclusiva colecci\u00f3n de adidas originals<\/a><\/span><\/p>\n","protected":false},"excerpt":{"rendered":"<p>Tuvo el privilegio de entrenar con grandes estrellas<\/p>\n","protected":false},"author":20,"featured_media":498460,"comment_status":"closed","ping_status":"closed","sticky":false,"template":"","format":"standard","meta":[],"categories":[5419],"tags":[6009,1392,2232],"_links":{"self":[{"href":"http:\/\/desarrollo.grupomedios.com\/futbol\/wp-json\/wp\/v2\/posts\/498451"}],"collection":[{"href":"http:\/\/desarrollo.grupomedios.com\/futbol\/wp-json\/wp\/v2\/posts"}],"about":[{"href":"http:\/\/desarrollo.grupomedios.com\/futbol\/wp-json\/wp\/v2\/types\/post"}],"author":[{"embeddable":true,"href":"http:\/\/desarrollo.grupomedios.com\/futbol\/wp-json\/wp\/v2\/users\/20"}],"replies":[{"embeddable":true,"href":"http:\/\/desarrollo.grupomedios.com\/futbol\/wp-json\/wp\/v2\/comments?post=498451"}],"version-history":[{"count":3,"href":"http:\/\/desarrollo.grupomedios.com\/futbol\/wp-json\/wp\/v2\/posts\/498451\/revisions"}],"predecessor-version":[{"id":498469,"href":"http:\/\/desarrollo.grupomedios.com\/futbol\/wp-json\/wp\/v2\/posts\/498451\/revisions\/498469"}],"wp:featuredmedia":[{"embeddable":true,"href":"http:\/\/desarrollo.grupomedios.com\/futbol\/wp-json\/wp\/v2\/media\/498460"}],"wp:attachment":[{"href":"http:\/\/desarrollo.grupomedios.com\/futbol\/wp-json\/wp\/v2\/media?parent=498451"}],"wp:term":[{"taxonomy":"category","embeddable":true,"href":"http:\/\/desarrollo.grupomedios.com\/futbol\/wp-json\/wp\/v2\/categories?post=498451"},{"taxonomy":"post_tag","embeddable":true,"href":"http:\/\/desarrollo.grupomedios.com\/futbol\/wp-json\/wp\/v2\/tags?post=498451"}],"curies":[{"name":"wp","href":"https:\/\/api.w.org\/{rel}","templated":true}]}}