{"id":498475,"date":"2017-09-06T13:14:07","date_gmt":"2017-09-06T18:14:07","guid":{"rendered":"https:\/\/www.futboltotal.com.mx\/?p=498475"},"modified":"2017-09-06T13:15:51","modified_gmt":"2017-09-06T18:15:51","slug":"arturo-vidal-senala-a-liga-mx-culpable-mala-racha-chile","status":"publish","type":"post","link":"http:\/\/desarrollo.grupomedios.com\/futbol\/destacado-home\/arturo-vidal-senala-a-liga-mx-culpable-mala-racha-chile\/2017\/09","title":{"rendered":"Arturo Vidal se\u00f1ala a Liga MX &#8216;culpable&#8217; de mala racha de Chile"},"content":{"rendered":"<p>La selecci\u00f3n de <a href=\"https:\/\/www.futboltotal.com.mx\/2017\/09\/chile-cae-bolivia-complica-clasificacion-a-rusia-2018\/\" target=\"_blank\" rel=\"noopener noreferrer\"><span style=\"color: #333399;\"><strong>Chile<\/strong> vive un momento complicado en la Eliminatoria Sudamericana<\/span><\/a> rumbo al <strong>Mundial Rusia 2018<\/strong> y uno de sus referentes, <strong>Arturo Vidal<\/strong>, no ha reparado en se\u00f1alar la llegada a la Liga MX de algunos de sus compa\u00f1eros en <em>La Roja<\/em>.<\/p>\n<p>Tal y como reportan medios como ESPN en su versi\u00f3n digital, el <em>Rey Arturo<\/em> acept\u00f3 que el arribo de varios seleccionados chilenos a ligas como <strong>M\u00e9xico<\/strong> y <strong>Turqu\u00eda<\/strong> tiene una injerencia directa en el mal paso del cuadro andino.<\/p>\n<p style=\"text-align: center;\"><a href=\"https:\/\/www.futboltotal.com.mx\/2017\/09\/11-infame-las-eliminatorias-mundialistas\/\" target=\"_blank\" rel=\"noopener noreferrer\"><span style=\"color: #333399;\">VER M\u00c1S: El 11 ideal de las Eliminatorias Mundialistas<\/span><\/a><\/p>\n<p>&#8220;Claramente, claramente eso nos afect\u00f3 mucho porque, como dije ayer, las otras selecciones ya vienen con jugadores que han hecho pretemporada, han jugado m\u00e1s partidos que nosotros y eso nos pas\u00f3 la cuenta. Creo que con ritmo de trabajo vamos a estar mucho mejor y esperamos sacar los seis puntos&#8221;, mencion\u00f3 Vidal.<\/p>\n<p>Jugadores como <strong>Marcelo D\u00edaz<\/strong> y <strong>Mat\u00edas Fern\u00e1ndez<\/strong> son los \u00faltimos en sumarse a la Liga MX, con <strong>Pumas<\/strong> y <strong>Necaxa<\/strong> respectivamente, adem\u00e1s de otros nombres\u00a0como <strong>Nicol\u00e1s Castillo<\/strong>, <strong>Edson Puch<\/strong>, <strong>Eduardo Vargas<\/strong>, <strong>Enzo Roco<\/strong> o <strong>Francisco Silva<\/strong>, quienes ya se encontraban participando en el futbol mexicano.<\/p>\n<p style=\"text-align: center;\"><a href=\"https:\/\/www.futboltotal.com.mx\/2017\/09\/arturo-vidal-dejara-la-seleccion-de-chile-tras-mundial-2018\/\" target=\"_blank\" rel=\"noopener noreferrer\"><span style=\"color: #333399;\">VER M\u00c1S: Arturo Vidal dejar\u00e1 la selecci\u00f3n de Chile tras Mundial 2018<\/span><\/a><\/p>\n","protected":false},"excerpt":{"rendered":"<p>El emblem\u00e1tico jugador de La Roja critic\u00f3 a los chilenos que llegaron a M\u00e9xico.<\/p>\n","protected":false},"author":20,"featured_media":498481,"comment_status":"closed","ping_status":"closed","sticky":false,"template":"","format":"standard","meta":[],"categories":[5,3839,2198,3845],"tags":[2962,406,64,65],"_links":{"self":[{"href":"http:\/\/desarrollo.grupomedios.com\/futbol\/wp-json\/wp\/v2\/posts\/498475"}],"collection":[{"href":"http:\/\/desarrollo.grupomedios.com\/futbol\/wp-json\/wp\/v2\/posts"}],"about":[{"href":"http:\/\/desarrollo.grupomedios.com\/futbol\/wp-json\/wp\/v2\/types\/post"}],"author":[{"embeddable":true,"href":"http:\/\/desarrollo.grupomedios.com\/futbol\/wp-json\/wp\/v2\/users\/20"}],"replies":[{"embeddable":true,"href":"http:\/\/desarrollo.grupomedios.com\/futbol\/wp-json\/wp\/v2\/comments?post=498475"}],"version-history":[{"count":3,"href":"http:\/\/desarrollo.grupomedios.com\/futbol\/wp-json\/wp\/v2\/posts\/498475\/revisions"}],"predecessor-version":[{"id":498485,"href":"http:\/\/desarrollo.grupomedios.com\/futbol\/wp-json\/wp\/v2\/posts\/498475\/revisions\/498485"}],"wp:featuredmedia":[{"embeddable":true,"href":"http:\/\/desarrollo.grupomedios.com\/futbol\/wp-json\/wp\/v2\/media\/498481"}],"wp:attachment":[{"href":"http:\/\/desarrollo.grupomedios.com\/futbol\/wp-json\/wp\/v2\/media?parent=498475"}],"wp:term":[{"taxonomy":"category","embeddable":true,"href":"http:\/\/desarrollo.grupomedios.com\/futbol\/wp-json\/wp\/v2\/categories?post=498475"},{"taxonomy":"post_tag","embeddable":true,"href":"http:\/\/desarrollo.grupomedios.com\/futbol\/wp-json\/wp\/v2\/tags?post=498475"}],"curies":[{"name":"wp","href":"https:\/\/api.w.org\/{rel}","templated":true}]}}