{"id":498482,"date":"2017-09-06T13:28:17","date_gmt":"2017-09-06T18:28:17","guid":{"rendered":"https:\/\/www.futboltotal.com.mx\/?p=498482"},"modified":"2017-09-06T13:28:17","modified_gmt":"2017-09-06T18:28:17","slug":"mourinho-critica-fichaje-neymar-psg","status":"publish","type":"post","link":"http:\/\/desarrollo.grupomedios.com\/futbol\/futbol-internacional\/mourinho-critica-fichaje-neymar-psg\/2017\/09","title":{"rendered":"Mourinho critica el fichaje de Neymar por el PSG"},"content":{"rendered":"<p><strong>Jos\u00e9 Mourinho<\/strong>, entrenador el <strong>Manchester United<\/strong>, cree que el multimillonario fichaje del brasile\u00f1o <strong>Neymar<\/strong> por el <strong>Par\u00eds Saint-Germain<\/strong> ha cambiado &#8220;para siempre y a peor&#8221; el mercado de fichajes.<\/p>\n<p>El club de<strong> Mourinho<\/strong> fue uno de los m\u00e1s activos del verano en Europa y se gast\u00f3 169,5 millones de libras en refuerzos: 39,5 por Victor Lindelof (Benfica), 90 por Romelu Lukaku (Everton) y 40 por Nemanja Matic (Chelsea), adem\u00e1s del traspaso gratis de Zlatan Ibrahimovic.<\/p>\n<p>Sin embargo, de acuerdo al preparador portugu\u00e9s, los <em>Diablos Rojos<\/em>\u00a0ahorraron &#8220;mucho dinero&#8221; al cerrar todos sus fichajes en el mes de julio y no en agosto.<\/p>\n<p style=\"text-align: center;\"><span style=\"color: #3366ff;\"><a style=\"color: #3366ff;\" href=\"https:\/\/www.futboltotal.com.mx\/2017\/09\/arturo-vidal-senala-a-liga-mx-culpable-mala-racha-chile\/\">VER M\u00c1S: Arturo Vidal se\u00f1ala a Liga MX \u2018culpable\u2019 de mala racha de Chile<\/a><\/span><\/p>\n<p>&#8220;Creo que fuimos muy listos. Sab\u00edamos que pod\u00eda pasar algo as\u00ed, algo que cambiara el mercado para siempre&#8221;, se\u00f1al\u00f3 <strong>Mourinho<\/strong>, en una entrevista hoy con el diario <em>The Times<\/em>. &#8220;Normalmente, la parte final del mercado suele ser m\u00e1s barata, pero esta temporada, despu\u00e9s de lo de <strong>Neymar<\/strong>, todo cambi\u00f3. Y cambi\u00f3 para peor&#8221;, apunt\u00f3.<\/p>\n<p>&#8220;El 31 de agosto <strong>Lukaku<\/strong> nos hubiera costado 150 millones de libras y <strong>Matic<\/strong> entre 60 y 70 millones. <strong>Neymar<\/strong> lo cambi\u00f3 todo. Si el fichaje m\u00e1s caro de la historia fuera todav\u00eda <strong>Pogba<\/strong>, creo que ahora <strong>Philippe Coutinho<\/strong> estar\u00eda en el <strong>Barcelona<\/strong> por 101 millones&#8221;, destac\u00f3 Mou.<\/p>\n<p>Despu\u00e9s del fichaje del astro brasile\u00f1o por el <strong>PSG<\/strong>, el <strong>Barcelona<\/strong> acudi\u00f3 raudo al mercado y pag\u00f3 97 millones de libras (m\u00e1s 38 millones m\u00e1s en variables) al Borussia Dortmund por el joven extremo franc\u00e9s Ousmane Demb\u00e9l\u00e9.<\/p>\n<p style=\"text-align: center;\"><span style=\"color: #3366ff;\"><a style=\"color: #3366ff;\" href=\"https:\/\/www.futboltotal.com.mx\/2017\/09\/11-infame-las-eliminatorias-mundialistas\/\">VER M\u00c1S: El 11 infame de las Eliminatorias Mundialistas<\/a><\/span><\/p>\n<p>El <strong>PSG<\/strong>, adem\u00e1s de <strong>Neymar<\/strong>, <span style=\"color: #3366ff;\"><a style=\"color: #3366ff;\" href=\"https:\/\/www.futboltotal.com.mx\/2017\/09\/mbappe-es-presentado-con-el-psg\/\" target=\"_blank\" rel=\"noopener noreferrer\">se hizo tambi\u00e9n con el punta Kylian Mbapp\u00e9, quien lleg\u00f3 del M\u00f3naco<\/a><\/span> en calidad de cedido por un a\u00f1o y con una opci\u00f3n de compra obligatoria a final de temporada valorada en 166 millones de libras.<\/p>\n<p>&#8220;La gente ahora piensa que pagar 200 millones es algo casi normal. Los jugadores que costaban 20 millones ahora valen 40, y los de 40 cuestan 60. Ha cambiado todo&#8221;, lament\u00f3 <strong>Mourinho.<\/strong><\/p>\n","protected":false},"excerpt":{"rendered":"<p>El portugu\u00e9s critic\u00f3 el excesivo costo por Neymar.<\/p>\n","protected":false},"author":144,"featured_media":490408,"comment_status":"closed","ping_status":"closed","sticky":false,"template":"","format":"standard","meta":[],"categories":[3839,9609,3846],"tags":[1484,6001,114],"_links":{"self":[{"href":"http:\/\/desarrollo.grupomedios.com\/futbol\/wp-json\/wp\/v2\/posts\/498482"}],"collection":[{"href":"http:\/\/desarrollo.grupomedios.com\/futbol\/wp-json\/wp\/v2\/posts"}],"about":[{"href":"http:\/\/desarrollo.grupomedios.com\/futbol\/wp-json\/wp\/v2\/types\/post"}],"author":[{"embeddable":true,"href":"http:\/\/desarrollo.grupomedios.com\/futbol\/wp-json\/wp\/v2\/users\/144"}],"replies":[{"embeddable":true,"href":"http:\/\/desarrollo.grupomedios.com\/futbol\/wp-json\/wp\/v2\/comments?post=498482"}],"version-history":[{"count":1,"href":"http:\/\/desarrollo.grupomedios.com\/futbol\/wp-json\/wp\/v2\/posts\/498482\/revisions"}],"predecessor-version":[{"id":498491,"href":"http:\/\/desarrollo.grupomedios.com\/futbol\/wp-json\/wp\/v2\/posts\/498482\/revisions\/498491"}],"wp:featuredmedia":[{"embeddable":true,"href":"http:\/\/desarrollo.grupomedios.com\/futbol\/wp-json\/wp\/v2\/media\/490408"}],"wp:attachment":[{"href":"http:\/\/desarrollo.grupomedios.com\/futbol\/wp-json\/wp\/v2\/media?parent=498482"}],"wp:term":[{"taxonomy":"category","embeddable":true,"href":"http:\/\/desarrollo.grupomedios.com\/futbol\/wp-json\/wp\/v2\/categories?post=498482"},{"taxonomy":"post_tag","embeddable":true,"href":"http:\/\/desarrollo.grupomedios.com\/futbol\/wp-json\/wp\/v2\/tags?post=498482"}],"curies":[{"name":"wp","href":"https:\/\/api.w.org\/{rel}","templated":true}]}}