{"id":498494,"date":"2017-09-06T14:20:26","date_gmt":"2017-09-06T19:20:26","guid":{"rendered":"https:\/\/www.futboltotal.com.mx\/?p=498494"},"modified":"2017-09-06T14:20:26","modified_gmt":"2017-09-06T19:20:26","slug":"chicharito-demuestra-amor-a-andrea-duro-mensaje","status":"publish","type":"post","link":"http:\/\/desarrollo.grupomedios.com\/futbol\/futbol-mexicano\/chicharito-demuestra-amor-a-andrea-duro-mensaje\/2017\/09","title":{"rendered":"Chicharito demuestra su amor a Andrea Dur\u00f3 con un mensaje"},"content":{"rendered":"<p><strong>Javier Chicharito Hern\u00e1ndez<\/strong> est\u00e1 m\u00e1s enamorado que nunca y el delantero mexicano le encanta presumir su amor con la actriz <strong>Andrea Dur\u00f3<\/strong> a trav\u00e9s de sus redes sociales.<\/p>\n<p>Prueba de ello es que no deja de dedicarle mensajes rom\u00e1nticos a <strong>Andrea<\/strong>, como lo hace en su cuenta de Instagram.<\/p>\n<p style=\"text-align: center;\"><span style=\"color: #3366ff;\"><a style=\"color: #3366ff;\" href=\"https:\/\/www.futboltotal.com.mx\/2017\/09\/chucky-lozano-elegido-jugador-del-mes-en-holanda\/\">VER M\u00c1S: Chucky Lozano, elegido jugador del mes en Holanda<\/a><\/span><\/p>\n<p>Esta vez apareci\u00f3 un nuevo mensaje en la secci\u00f3n de historias de Instagram donde le dice que \u201cEres jodidamente perfecta. Cuando r\u00edes, cuando caminas, cuando piensas, cuando guardas secretos, cuando escuchas\u201d.<\/p>\n<p>Aqu\u00ed las im\u00e1genes de <strong>Chicharito<\/strong>.<\/p>\n<p style=\"text-align: center;\"><span style=\"color: #3366ff;\"><a style=\"color: #3366ff;\" href=\"https:\/\/www.futboltotal.com.mx\/2017\/09\/arturo-vidal-senala-a-liga-mx-culpable-mala-racha-chile\/\">VER M\u00c1S: Arturo Vidal se\u00f1ala a Liga MX \u2018culpable\u2019 de mala racha de Chile<\/a><\/span><\/p>\n<p><a href=\"https:\/\/www.futboltotal.com.mx\/wp-content\/uploads\/2017\/09\/c287afced3481af522b1ccec17b5577c-800x800-1.jpg\"><img decoding=\"async\" loading=\"lazy\" class=\"size-full wp-image-498499 aligncenter\" src=\"https:\/\/www.futboltotal.com.mx\/wp-content\/uploads\/2017\/09\/c287afced3481af522b1ccec17b5577c-800x800-1.jpg\" alt=\"Chicharito demuestra su amor a Andrea Dur\u00f3 con un mensaje 0\" srcset=\"http:\/\/desarrollo.grupomedios.com\/futbol\/wp-content\/uploads\/2017\/09\/c287afced3481af522b1ccec17b5577c-800x800-1.jpg 800w, http:\/\/desarrollo.grupomedios.com\/futbol\/wp-content\/uploads\/2017\/09\/c287afced3481af522b1ccec17b5577c-800x800-1-150x150.jpg 150w, http:\/\/desarrollo.grupomedios.com\/futbol\/wp-content\/uploads\/2017\/09\/c287afced3481af522b1ccec17b5577c-800x800-1-300x300.jpg 300w, http:\/\/desarrollo.grupomedios.com\/futbol\/wp-content\/uploads\/2017\/09\/c287afced3481af522b1ccec17b5577c-800x800-1-768x768.jpg 768w\" sizes=\"(max-width: 800px) 100vw, 800px\" \/><\/a><\/p>\n<p><a href=\"https:\/\/www.futboltotal.com.mx\/wp-content\/uploads\/2017\/09\/4611486386023658183-account_id2.png\"><img decoding=\"async\" loading=\"lazy\" class=\"size-full wp-image-498500 aligncenter\" src=\"https:\/\/www.futboltotal.com.mx\/wp-content\/uploads\/2017\/09\/4611486386023658183-account_id2.png\" alt=\"Chicharito demuestra su amor a Andrea Dur\u00f3 con un mensaje 1\" srcset=\"http:\/\/desarrollo.grupomedios.com\/futbol\/wp-content\/uploads\/2017\/09\/4611486386023658183-account_id2.png 288w, http:\/\/desarrollo.grupomedios.com\/futbol\/wp-content\/uploads\/2017\/09\/4611486386023658183-account_id2-169x300.png 169w\" sizes=\"(max-width: 288px) 100vw, 288px\" \/><\/a><\/p>\n<p>&nbsp;<\/p>\n","protected":false},"excerpt":{"rendered":"<p>El mexicano sigue demostrando su amor con la actriz.<\/p>\n","protected":false},"author":20,"featured_media":497061,"comment_status":"closed","ping_status":"closed","sticky":false,"template":"","format":"standard","meta":[],"categories":[5419,2198],"tags":[5460,120],"_links":{"self":[{"href":"http:\/\/desarrollo.grupomedios.com\/futbol\/wp-json\/wp\/v2\/posts\/498494"}],"collection":[{"href":"http:\/\/desarrollo.grupomedios.com\/futbol\/wp-json\/wp\/v2\/posts"}],"about":[{"href":"http:\/\/desarrollo.grupomedios.com\/futbol\/wp-json\/wp\/v2\/types\/post"}],"author":[{"embeddable":true,"href":"http:\/\/desarrollo.grupomedios.com\/futbol\/wp-json\/wp\/v2\/users\/20"}],"replies":[{"embeddable":true,"href":"http:\/\/desarrollo.grupomedios.com\/futbol\/wp-json\/wp\/v2\/comments?post=498494"}],"version-history":[{"count":1,"href":"http:\/\/desarrollo.grupomedios.com\/futbol\/wp-json\/wp\/v2\/posts\/498494\/revisions"}],"predecessor-version":[{"id":498501,"href":"http:\/\/desarrollo.grupomedios.com\/futbol\/wp-json\/wp\/v2\/posts\/498494\/revisions\/498501"}],"wp:featuredmedia":[{"embeddable":true,"href":"http:\/\/desarrollo.grupomedios.com\/futbol\/wp-json\/wp\/v2\/media\/497061"}],"wp:attachment":[{"href":"http:\/\/desarrollo.grupomedios.com\/futbol\/wp-json\/wp\/v2\/media?parent=498494"}],"wp:term":[{"taxonomy":"category","embeddable":true,"href":"http:\/\/desarrollo.grupomedios.com\/futbol\/wp-json\/wp\/v2\/categories?post=498494"},{"taxonomy":"post_tag","embeddable":true,"href":"http:\/\/desarrollo.grupomedios.com\/futbol\/wp-json\/wp\/v2\/tags?post=498494"}],"curies":[{"name":"wp","href":"https:\/\/api.w.org\/{rel}","templated":true}]}}