{"id":498540,"date":"2017-09-06T16:14:27","date_gmt":"2017-09-06T21:14:27","guid":{"rendered":"https:\/\/www.futboltotal.com.mx\/?p=498540"},"modified":"2017-09-06T16:14:27","modified_gmt":"2017-09-06T21:14:27","slug":"matias-almeyda-critica-a-la-seleccion-argentina","status":"publish","type":"post","link":"http:\/\/desarrollo.grupomedios.com\/futbol\/futbol-mexicano\/matias-almeyda-critica-a-la-seleccion-argentina\/2017\/09","title":{"rendered":"Mat\u00edas Almeyda critica a la Selecci\u00f3n Argentina"},"content":{"rendered":"<p>El argentino <strong>Mat\u00edas Almeyda<\/strong>, mundialista en Francia 98 y Corea-Jap\u00f3n 2002, destac\u00f3 hoy que la eliminatoria sudamericana, en la que <strong>Argentina<\/strong> es quinta, se ha vuelto muy competitiva y un ejemplo de e<span style=\"color: #3366ff;\"><a style=\"color: #3366ff;\" href=\"https:\/\/www.futboltotal.com.mx\/2017\/09\/argentina-levanta-empata-venezuela-en-casa\/\" target=\"_blank\" rel=\"noopener noreferrer\">llo es el empate 1-1 que el martes consigui\u00f3 Venezuela ante la <em>Albiceleste<\/em> en Buenos Aires<\/a><\/span>.<\/p>\n<p>&#8220;Ayer vi casi todos los partidos de la eliminatoria sudamericana y se ha vuelto muy competitiva. Cuando me toc\u00f3 jugarla, si no le hac\u00edas cuatro goles a Venezuela era un fracaso, previo a los partidos se hablaba de esa manera&#8221;, dijo <strong>Almeyda<\/strong> en conferencia de prensa.<\/p>\n<p style=\"text-align: center;\"><span style=\"color: #3366ff;\"><a style=\"color: #3366ff;\" href=\"https:\/\/www.futboltotal.com.mx\/2017\/09\/arturo-vidal-senala-a-liga-mx-culpable-mala-racha-chile\/\">VER M\u00c1S: Arturo Vidal se\u00f1ala a Liga MX \u2018culpable\u2019 de mala racha de Chile<\/a><\/span><\/p>\n<p>Destac\u00f3 que Venezuela viene de un proceso y de un proyecto de hace algunos a\u00f1os &#8220;con much\u00edsimos j\u00f3venes, con buen juego y con muchos talentos y ese pa\u00eds no est\u00e1 esperando y en un par de a\u00f1os tendr\u00e1 un equipo importante&#8221;.<\/p>\n<p>El actual entrenador de las <strong>Chivas del Guadalajara<\/strong> remarc\u00f3 que la eliminatoria de la Conmebol &#8220;nunca se da por terminada&#8221; y explic\u00f3 que los partidos &#8220;son muy dif\u00edciles, en canchas dif\u00edciles y en las que los viajes te hacen sentir que eres visitante&#8221;.<\/p>\n<p style=\"text-align: center;\"><span style=\"color: #3366ff;\"><a style=\"color: #3366ff;\" href=\"https:\/\/www.futboltotal.com.mx\/2017\/09\/nico-castillo-saldria-al-futbol-europeo-en-enero\/\">VER M\u00c1S: Nico Castillo saldr\u00eda al futbol europeo en enero<\/a><\/span><\/p>\n<p>Record\u00f3 que previo a los partidos los jugadores no duermen &#8220;porque van 500 personas a hacer ruido a hoteles cuando juegas como visitante. En Sudam\u00e9rica se vive otra parte del f\u00fatbol y realmente todos los equipos son parejos&#8221;.<\/p>\n<p>Precis\u00f3 que la sudamericana es una eliminatoria complicada porque &#8220;es la mas larga&#8221; en todo el mundo ya que cada selecci\u00f3n juega 18 partidos.<\/p>\n<p>El empate ante Venezuela comprometi\u00f3 el boleto al <strong>Mundial de Rusia 2018<\/strong> para Argentina, que por ahora jugar\u00eda el pase en una repesca.<\/p>\n<p>Para ir con boleto directo depende de dos triunfos en los partidos en que recibir\u00e1 a Per\u00fa y visitar\u00e1 a Ecuador, el 5 y 10 de octubre en las dos \u00faltimas jornadas. EFE<\/p>\n","protected":false},"excerpt":{"rendered":"<p>El t\u00e9cnico de Chivas critic\u00f3 que la Albiceleste no haya vencido a Venezuela.<\/p>\n","protected":false},"author":144,"featured_media":484435,"comment_status":"closed","ping_status":"closed","sticky":false,"template":"","format":"standard","meta":[],"categories":[2198,3845],"tags":[5996,70,1420],"_links":{"self":[{"href":"http:\/\/desarrollo.grupomedios.com\/futbol\/wp-json\/wp\/v2\/posts\/498540"}],"collection":[{"href":"http:\/\/desarrollo.grupomedios.com\/futbol\/wp-json\/wp\/v2\/posts"}],"about":[{"href":"http:\/\/desarrollo.grupomedios.com\/futbol\/wp-json\/wp\/v2\/types\/post"}],"author":[{"embeddable":true,"href":"http:\/\/desarrollo.grupomedios.com\/futbol\/wp-json\/wp\/v2\/users\/144"}],"replies":[{"embeddable":true,"href":"http:\/\/desarrollo.grupomedios.com\/futbol\/wp-json\/wp\/v2\/comments?post=498540"}],"version-history":[{"count":1,"href":"http:\/\/desarrollo.grupomedios.com\/futbol\/wp-json\/wp\/v2\/posts\/498540\/revisions"}],"predecessor-version":[{"id":498545,"href":"http:\/\/desarrollo.grupomedios.com\/futbol\/wp-json\/wp\/v2\/posts\/498540\/revisions\/498545"}],"wp:featuredmedia":[{"embeddable":true,"href":"http:\/\/desarrollo.grupomedios.com\/futbol\/wp-json\/wp\/v2\/media\/484435"}],"wp:attachment":[{"href":"http:\/\/desarrollo.grupomedios.com\/futbol\/wp-json\/wp\/v2\/media?parent=498540"}],"wp:term":[{"taxonomy":"category","embeddable":true,"href":"http:\/\/desarrollo.grupomedios.com\/futbol\/wp-json\/wp\/v2\/categories?post=498540"},{"taxonomy":"post_tag","embeddable":true,"href":"http:\/\/desarrollo.grupomedios.com\/futbol\/wp-json\/wp\/v2\/tags?post=498540"}],"curies":[{"name":"wp","href":"https:\/\/api.w.org\/{rel}","templated":true}]}}