{"id":498550,"date":"2017-09-06T17:22:59","date_gmt":"2017-09-06T22:22:59","guid":{"rendered":"https:\/\/www.futboltotal.com.mx\/?p=498550"},"modified":"2017-09-06T17:22:59","modified_gmt":"2017-09-06T22:22:59","slug":"gran-gesto-messi-nino-capacidades-diferentes","status":"publish","type":"post","link":"http:\/\/desarrollo.grupomedios.com\/futbol\/videos\/gran-gesto-messi-nino-capacidades-diferentes\/2017\/09","title":{"rendered":"El gran gesto de Messi con un ni\u00f1o con capacidades diferentes"},"content":{"rendered":"<p>Tras el empate entre Argentina y Venezuela en las eliminatorias mundialistas rumbo a Rusia 2018, el delantero argentino, Lionel Messi, tuvo un gran festo con un ni\u00f1o con capacidades diferentes.<\/p>\n<p>Mientras los jugadores sal\u00edan del estadio Monumental, como suele ocurrir, decenas de aficionados los esperaban afuera, con la misi\u00f3n de conseguir la foto o el aut\u00f3grafo de su jugador, en especial de Messi.<\/p>\n<p style=\"text-align: center;\"><span style=\"color: #3366ff;\"><a style=\"color: #3366ff;\" href=\"https:\/\/www.futboltotal.com.mx\/2017\/09\/nico-castillo-saldria-al-futbol-europeo-en-enero\/\">VER M\u00c1S: Nico Castillo saldr\u00eda al futbol europeo en enero<\/a><\/span><\/p>\n<p>Aunque las barra de seguridad encaminaban la salida de los seleccionados, atr\u00e1s de una de ellas se encontraba un menor en silla de ruedas, pero eso no fue impedimento, pues ante los gritos de los aficionados Leo se acerc\u00f3 y pudo hacerle el d\u00eda.<\/p>\n<p>Los presentes le ovacionaron y reconocieron el gran gesto del argentino; tambi\u00e9n se alcanz\u00f3 a escuchar una que otra palabra de aliento para el selectivo, que a\u00fan no ha calificado a la Copa del Mundo.<\/p>\n<p style=\"text-align: center;\"><span style=\"color: #3366ff;\"><a style=\"color: #3366ff;\" href=\"https:\/\/www.futboltotal.com.mx\/2017\/09\/grupo-pachuca-recupera-el-control-total-de-sus-equipos\/\">VER M\u00c1S: Grupo Pachuca recupera el control total de sus equipos<\/a><\/span><\/p>\n<blockquote class=\"twitter-tweet\" data-width=\"500\">\n<p lang=\"es\" dir=\"ltr\">Messi tras el partido le firm\u00f3 la camiseta a un ni\u00f1o discapacitado, olvid\u00f3 todo&#8230; Grande Leo! [<a href=\"https:\/\/twitter.com\/minutounocom\">@minutounocom<\/a> ] <a href=\"https:\/\/t.co\/S891POtS8E\">pic.twitter.com\/S891POtS8E<\/a><\/p>\n<p>&mdash; ImMESS10nante (@ImMESS10nante) <a href=\"https:\/\/twitter.com\/ImMESS10nante\/status\/905476476786458624\">September 6, 2017<\/a><\/p><\/blockquote>\n<p><script async src=\"\/\/platform.twitter.com\/widgets.js\" charset=\"utf-8\"><\/script><\/p>\n","protected":false},"excerpt":{"rendered":"<p>As\u00ed estuvo el argentino con un aficionado.<\/p>\n","protected":false},"author":20,"featured_media":442688,"comment_status":"closed","ping_status":"closed","sticky":false,"template":"","format":"standard","meta":[],"categories":[3839,4],"tags":[5996,6447,6012],"_links":{"self":[{"href":"http:\/\/desarrollo.grupomedios.com\/futbol\/wp-json\/wp\/v2\/posts\/498550"}],"collection":[{"href":"http:\/\/desarrollo.grupomedios.com\/futbol\/wp-json\/wp\/v2\/posts"}],"about":[{"href":"http:\/\/desarrollo.grupomedios.com\/futbol\/wp-json\/wp\/v2\/types\/post"}],"author":[{"embeddable":true,"href":"http:\/\/desarrollo.grupomedios.com\/futbol\/wp-json\/wp\/v2\/users\/20"}],"replies":[{"embeddable":true,"href":"http:\/\/desarrollo.grupomedios.com\/futbol\/wp-json\/wp\/v2\/comments?post=498550"}],"version-history":[{"count":1,"href":"http:\/\/desarrollo.grupomedios.com\/futbol\/wp-json\/wp\/v2\/posts\/498550\/revisions"}],"predecessor-version":[{"id":498557,"href":"http:\/\/desarrollo.grupomedios.com\/futbol\/wp-json\/wp\/v2\/posts\/498550\/revisions\/498557"}],"wp:featuredmedia":[{"embeddable":true,"href":"http:\/\/desarrollo.grupomedios.com\/futbol\/wp-json\/wp\/v2\/media\/442688"}],"wp:attachment":[{"href":"http:\/\/desarrollo.grupomedios.com\/futbol\/wp-json\/wp\/v2\/media?parent=498550"}],"wp:term":[{"taxonomy":"category","embeddable":true,"href":"http:\/\/desarrollo.grupomedios.com\/futbol\/wp-json\/wp\/v2\/categories?post=498550"},{"taxonomy":"post_tag","embeddable":true,"href":"http:\/\/desarrollo.grupomedios.com\/futbol\/wp-json\/wp\/v2\/tags?post=498550"}],"curies":[{"name":"wp","href":"https:\/\/api.w.org\/{rel}","templated":true}]}}