{"id":498551,"date":"2017-09-06T16:55:53","date_gmt":"2017-09-06T21:55:53","guid":{"rendered":"https:\/\/www.futboltotal.com.mx\/?p=498551"},"modified":"2017-09-06T16:56:49","modified_gmt":"2017-09-06T21:56:49","slug":"aficion-del-atletico-madrid-quiere-a-hugo-sanchez-en-estadio","status":"publish","type":"post","link":"http:\/\/desarrollo.grupomedios.com\/futbol\/futbol-internacional\/aficion-del-atletico-madrid-quiere-a-hugo-sanchez-en-estadio\/2017\/09","title":{"rendered":"Afici\u00f3n del Atl\u00e9tico de Madrid no quiere a Hugo S\u00e1nchez en su estadio"},"content":{"rendered":"<p>La afici\u00f3n del<strong> Atl\u00e9tico de Madrid<\/strong> se ha manifestado en contra de <strong>Hugo S\u00e1nchez<\/strong> y no quieren que se aparezca por su nuevo estadio.<\/p>\n<p>Han llamado <strong>&#8216;traidor&#8217;<\/strong> al ex delantero mexicano a trav\u00e9s de redes sociales. La directiva colchonera tiene pensada una din\u00e1mica en la que reunir\u00e1 varios ex jugadores para\u00a0hacer un paseo de las leyendas en el estadio y el <strong>&#8216;Pentapichichi&#8217;<\/strong> tendr\u00eda una placa en \u00e9l.<\/p>\n<p style=\"text-align: center;\"><span style=\"color: #333399;\"><a style=\"color: #333399;\" href=\"https:\/\/www.futboltotal.com.mx\/2017\/09\/grupo-pachuca-recupera-el-control-total-de-sus-equipos\/\" target=\"_blank\" rel=\"noopener noreferrer\">VER M\u00c1S: Grupo Pachuca y Slim rompen su alianza<\/a><\/span><\/p>\n<p>Sin embargo, la afici\u00f3n se ha manifestado en contra de esto bajo la leyenda <strong>&#8220;Un traidor nunca puede ser leyenda&#8221;<\/strong>. Por el momento, la petici\u00f3n realizada en Twitter lleva cerca de<strong> 650 retweets<\/strong>.<\/p>\n<blockquote class=\"twitter-tweet\" data-lang=\"es\">\n<p dir=\"ltr\" lang=\"es\">RT si t\u00fa tampoco quieres a Hugo Sanchez en el paseo de las leyendas del campo nuevo. <a href=\"https:\/\/t.co\/eaKGwGSaWi\">pic.twitter.com\/eaKGwGSaWi<\/a><\/p>\n<p>\u2014 TODOATLETI.com (@Todo_atleti) <a href=\"https:\/\/twitter.com\/Todo_atleti\/status\/904392828406595585\">3 de septiembre de 2017<\/a><\/p><\/blockquote>\n<p><script async src=\"\/\/platform.twitter.com\/widgets.js\" charset=\"utf-8\"><\/script><\/p>\n<p>Hugo S\u00e1nchez comenz\u00f3 su carrera europea con el Atletico de Madrid, sin embargo, poco despu\u00e9s lleg\u00f3 con el ac\u00e9rrimo rival, el <strong>Real Madrid<\/strong> donde tuvo su mejor paso goleador.<\/p>\n<p style=\"text-align: center;\"><span style=\"color: #333399;\"><a style=\"color: #333399;\" href=\"https:\/\/www.futboltotal.com.mx\/2017\/09\/nico-castillo-saldria-al-futbol-europeo-en-enero\/\" target=\"_blank\" rel=\"noopener noreferrer\">VER M\u00c1S: Nico Castillo se ir\u00eda a Europa en enero<\/a><\/span><\/p>\n<p>&nbsp;<\/p>\n<p>&nbsp;<\/p>\n","protected":false},"excerpt":{"rendered":"<p>El jugador tendr\u00eda una placa en el &#8220;paseo de las leyendas&#8221;<\/p>\n","protected":false},"author":20,"featured_media":457247,"comment_status":"closed","ping_status":"closed","sticky":false,"template":"","format":"standard","meta":[],"categories":[3839],"tags":[6007,448],"_links":{"self":[{"href":"http:\/\/desarrollo.grupomedios.com\/futbol\/wp-json\/wp\/v2\/posts\/498551"}],"collection":[{"href":"http:\/\/desarrollo.grupomedios.com\/futbol\/wp-json\/wp\/v2\/posts"}],"about":[{"href":"http:\/\/desarrollo.grupomedios.com\/futbol\/wp-json\/wp\/v2\/types\/post"}],"author":[{"embeddable":true,"href":"http:\/\/desarrollo.grupomedios.com\/futbol\/wp-json\/wp\/v2\/users\/20"}],"replies":[{"embeddable":true,"href":"http:\/\/desarrollo.grupomedios.com\/futbol\/wp-json\/wp\/v2\/comments?post=498551"}],"version-history":[{"count":1,"href":"http:\/\/desarrollo.grupomedios.com\/futbol\/wp-json\/wp\/v2\/posts\/498551\/revisions"}],"predecessor-version":[{"id":498554,"href":"http:\/\/desarrollo.grupomedios.com\/futbol\/wp-json\/wp\/v2\/posts\/498551\/revisions\/498554"}],"wp:featuredmedia":[{"embeddable":true,"href":"http:\/\/desarrollo.grupomedios.com\/futbol\/wp-json\/wp\/v2\/media\/457247"}],"wp:attachment":[{"href":"http:\/\/desarrollo.grupomedios.com\/futbol\/wp-json\/wp\/v2\/media?parent=498551"}],"wp:term":[{"taxonomy":"category","embeddable":true,"href":"http:\/\/desarrollo.grupomedios.com\/futbol\/wp-json\/wp\/v2\/categories?post=498551"},{"taxonomy":"post_tag","embeddable":true,"href":"http:\/\/desarrollo.grupomedios.com\/futbol\/wp-json\/wp\/v2\/tags?post=498551"}],"curies":[{"name":"wp","href":"https:\/\/api.w.org\/{rel}","templated":true}]}}