{"id":498585,"date":"2017-09-06T21:24:24","date_gmt":"2017-09-07T02:24:24","guid":{"rendered":"https:\/\/www.futboltotal.com.mx\/?p=498585"},"modified":"2017-09-06T21:24:24","modified_gmt":"2017-09-07T02:24:24","slug":"alan-pulido-ya-fecha-regreso","status":"publish","type":"post","link":"http:\/\/desarrollo.grupomedios.com\/futbol\/destacado-home\/alan-pulido-ya-fecha-regreso\/2017\/09","title":{"rendered":"Alan Pulido ya tiene fecha de regreso"},"content":{"rendered":"<p>El delantero <strong>Alan Pulido<\/strong> dio a conocer que su regreso se dar\u00e1 pronto con las <strong>Chivas<\/strong>.<\/p>\n<p>En una de sus historias de Instagram, el delantero del Reba\u00f1o public\u00f3 una imagen en la cual mostr\u00f3 c\u00f3mo va su brazo durante la rehabilitaci\u00f3n, y afirm\u00f3 que volver\u00e1 en breve a los entrenamientos.<\/p>\n<p style=\"text-align: center;\"><span style=\"color: #333399;\"><a style=\"color: #333399;\" href=\"https:\/\/www.futboltotal.com.mx\/2017\/09\/la-libertadores-imposible-la-liga-mx\/\">VER M\u00c1S: <span class=\"item-title\">La Libertadores, \u201cimposible\u201d para la Liga MX<\/span><\/a><\/span><\/p>\n<p>Pulido fue lesionado del h\u00famero de su brazo derecho, durante un partido amistoso contra Paraguay en julio pasado, lo que lo hizo perderse la Copa Oro con M\u00e9xico, y la primera parte del torneo con Chivas.<\/p>\n<p>&#8220;Conteo regresivo&#8221;, as\u00ed lo dio a conocer Alan Pulido en su cuenta de Instagram.<\/p>\n<p><a href=\"https:\/\/www.futboltotal.com.mx\/wp-content\/uploads\/2017\/09\/pulido-regreso-chivas.jpg\"><img decoding=\"async\" loading=\"lazy\" class=\"aligncenter wp-image-498587 size-large\" src=\"https:\/\/www.futboltotal.com.mx\/wp-content\/uploads\/2017\/09\/pulido-regreso-chivas-576x1024.jpg\" alt=\"Alan Pulido ya tiene fecha de regreso 0\" srcset=\"http:\/\/desarrollo.grupomedios.com\/futbol\/wp-content\/uploads\/2017\/09\/pulido-regreso-chivas-576x1024.jpg 576w, http:\/\/desarrollo.grupomedios.com\/futbol\/wp-content\/uploads\/2017\/09\/pulido-regreso-chivas-169x300.jpg 169w, http:\/\/desarrollo.grupomedios.com\/futbol\/wp-content\/uploads\/2017\/09\/pulido-regreso-chivas.jpg 675w\" sizes=\"(max-width: 576px) 100vw, 576px\" \/><\/a><\/p>\n<p>&nbsp;<\/p>\n","protected":false},"excerpt":{"rendered":"<p>Las Chivas tendr\u00edan antes de lo esperado a su delantero titular<\/p>\n","protected":false},"author":20,"featured_media":498586,"comment_status":"closed","ping_status":"closed","sticky":false,"template":"","format":"standard","meta":[],"categories":[5,2198,3845],"tags":[1607,70],"_links":{"self":[{"href":"http:\/\/desarrollo.grupomedios.com\/futbol\/wp-json\/wp\/v2\/posts\/498585"}],"collection":[{"href":"http:\/\/desarrollo.grupomedios.com\/futbol\/wp-json\/wp\/v2\/posts"}],"about":[{"href":"http:\/\/desarrollo.grupomedios.com\/futbol\/wp-json\/wp\/v2\/types\/post"}],"author":[{"embeddable":true,"href":"http:\/\/desarrollo.grupomedios.com\/futbol\/wp-json\/wp\/v2\/users\/20"}],"replies":[{"embeddable":true,"href":"http:\/\/desarrollo.grupomedios.com\/futbol\/wp-json\/wp\/v2\/comments?post=498585"}],"version-history":[{"count":1,"href":"http:\/\/desarrollo.grupomedios.com\/futbol\/wp-json\/wp\/v2\/posts\/498585\/revisions"}],"predecessor-version":[{"id":498588,"href":"http:\/\/desarrollo.grupomedios.com\/futbol\/wp-json\/wp\/v2\/posts\/498585\/revisions\/498588"}],"wp:featuredmedia":[{"embeddable":true,"href":"http:\/\/desarrollo.grupomedios.com\/futbol\/wp-json\/wp\/v2\/media\/498586"}],"wp:attachment":[{"href":"http:\/\/desarrollo.grupomedios.com\/futbol\/wp-json\/wp\/v2\/media?parent=498585"}],"wp:term":[{"taxonomy":"category","embeddable":true,"href":"http:\/\/desarrollo.grupomedios.com\/futbol\/wp-json\/wp\/v2\/categories?post=498585"},{"taxonomy":"post_tag","embeddable":true,"href":"http:\/\/desarrollo.grupomedios.com\/futbol\/wp-json\/wp\/v2\/tags?post=498585"}],"curies":[{"name":"wp","href":"https:\/\/api.w.org\/{rel}","templated":true}]}}