{"id":498597,"date":"2017-09-07T09:28:10","date_gmt":"2017-09-07T14:28:10","guid":{"rendered":"https:\/\/www.futboltotal.com.mx\/?p=498597"},"modified":"2017-09-07T09:28:10","modified_gmt":"2017-09-07T14:28:10","slug":"jesus-martinez-carlos-slim-trato-comprar-al-leon","status":"publish","type":"post","link":"http:\/\/desarrollo.grupomedios.com\/futbol\/futbol-mexicano\/jesus-martinez-carlos-slim-trato-comprar-al-leon\/2017\/09","title":{"rendered":"Jes\u00fas Mart\u00ednez: &#8220;Carlos Slim no trat\u00f3 de comprar al Le\u00f3n&#8221;"},"content":{"rendered":"<p>Luego de que se diera a conocer que <a href=\"https:\/\/www.futboltotal.com.mx\/2017\/09\/grupo-pachuca-recupera-el-control-total-de-sus-equipos\/\" target=\"_blank\" rel=\"noopener noreferrer\"><span style=\"color: #333399;\"><strong>Grupo Pachuca<\/strong> concluy\u00f3 su v\u00ednculo laboral con <strong>Am\u00e9rica M\u00f3vil<\/strong><\/span><\/a>, propiedad del empresario <strong>Carlos Slim<\/strong>, para volver a tener el control total de los equipos <strong>Pachuca<\/strong> y <strong>Le\u00f3n<\/strong>, <strong>Jes\u00fas<\/strong> <strong>Mart\u00ednez<\/strong> ha negado las versiones sobre un inter\u00e9s del magnate mexicano por comprar a <em>La<\/em> <em>Fiera<\/em>.<\/p>\n<p>&#8220;No, el ingeniero (Slim) fue muy respetuoso. No nada m\u00e1s puede comprar al <strong>Le\u00f3n<\/strong>, puede comprar a cualquiera. Si algo tiene el ingeniero es que es muy audaz, muy inteligente para los negocios&#8221;, dijo Mart\u00ednez en entrevista con ESPN.<\/p>\n<p style=\"text-align: center;\"><a href=\"https:\/\/www.futboltotal.com.mx\/2017\/09\/keylor-navas-me-rio-con-ochoa-nuestra-supuesta-rivalidad\/\" target=\"_blank\" rel=\"noopener noreferrer\"><span style=\"color: #333399;\">VER M\u00c1S: Keylor Navas: &#8220;Me r\u00edo con Ochoa de nuestra supuesta rivalidad&#8221;<\/span><\/a><\/p>\n<p>Incluso, el directivo asegur\u00f3 que la decisi\u00f3n ya ven\u00eda siendo considerada por ambas partes desde hace algunos a\u00f1os, aunque se concret\u00f3 hasta ahora.<\/p>\n<p>&#8220;Yo creo que era un momento para los dos, que ya lo hab\u00edamos hablado hace dos o tres a\u00f1os, de que iba a llegar el momento y creo que llega en el mejor momento para los dos&#8221;, agreg\u00f3.<\/p>\n<p>Finalmente, Mart\u00ednez tambi\u00e9n habl\u00f3 respecto a\u00a0la alternativa de que los clubes del futbol mexicano apuesten por un contrato colectivo para la transmisi\u00f3n por televisi\u00f3n de sus partidos, planteada por \u00e9l en la pasada junta de due\u00f1os.<\/p>\n<p>\u00bfSabes cu\u00e1l fue mi \u00faltima postura en esa junta de due\u00f1os? Exactamente lo que est\u00e1s diciendo (contrato colectivo), porque ya tenemos los modelos a seguir. Ve lo que est\u00e1 pasando en <strong>Inglaterra<\/strong>, en <strong>Espa\u00f1a<\/strong>&#8220;, concluy\u00f3 el directivo.<\/p>\n","protected":false},"excerpt":{"rendered":"<p>La desvinculaci\u00f3n de Slim de Grupo Pachuca se dio en buenos t\u00e9rminos.<\/p>\n","protected":false},"author":20,"featured_media":498599,"comment_status":"closed","ping_status":"closed","sticky":false,"template":"","format":"standard","meta":[],"categories":[2198,3845],"tags":[1656,654,5965,5968],"_links":{"self":[{"href":"http:\/\/desarrollo.grupomedios.com\/futbol\/wp-json\/wp\/v2\/posts\/498597"}],"collection":[{"href":"http:\/\/desarrollo.grupomedios.com\/futbol\/wp-json\/wp\/v2\/posts"}],"about":[{"href":"http:\/\/desarrollo.grupomedios.com\/futbol\/wp-json\/wp\/v2\/types\/post"}],"author":[{"embeddable":true,"href":"http:\/\/desarrollo.grupomedios.com\/futbol\/wp-json\/wp\/v2\/users\/20"}],"replies":[{"embeddable":true,"href":"http:\/\/desarrollo.grupomedios.com\/futbol\/wp-json\/wp\/v2\/comments?post=498597"}],"version-history":[{"count":1,"href":"http:\/\/desarrollo.grupomedios.com\/futbol\/wp-json\/wp\/v2\/posts\/498597\/revisions"}],"predecessor-version":[{"id":498602,"href":"http:\/\/desarrollo.grupomedios.com\/futbol\/wp-json\/wp\/v2\/posts\/498597\/revisions\/498602"}],"wp:featuredmedia":[{"embeddable":true,"href":"http:\/\/desarrollo.grupomedios.com\/futbol\/wp-json\/wp\/v2\/media\/498599"}],"wp:attachment":[{"href":"http:\/\/desarrollo.grupomedios.com\/futbol\/wp-json\/wp\/v2\/media?parent=498597"}],"wp:term":[{"taxonomy":"category","embeddable":true,"href":"http:\/\/desarrollo.grupomedios.com\/futbol\/wp-json\/wp\/v2\/categories?post=498597"},{"taxonomy":"post_tag","embeddable":true,"href":"http:\/\/desarrollo.grupomedios.com\/futbol\/wp-json\/wp\/v2\/tags?post=498597"}],"curies":[{"name":"wp","href":"https:\/\/api.w.org\/{rel}","templated":true}]}}