{"id":498598,"date":"2017-09-07T09:16:01","date_gmt":"2017-09-07T14:16:01","guid":{"rendered":"https:\/\/www.futboltotal.com.mx\/?p=498598"},"modified":"2017-09-07T09:16:01","modified_gmt":"2017-09-07T14:16:01","slug":"mbappe-estuvo-cerca-llegar-al-arsenal","status":"publish","type":"post","link":"http:\/\/desarrollo.grupomedios.com\/futbol\/futbol-internacional\/mbappe-estuvo-cerca-llegar-al-arsenal\/2017\/09","title":{"rendered":"Mbapp\u00e9 estuvo muy cerca de llegar al Arsenal"},"content":{"rendered":"<p>El estratega del <strong>Arsenal<\/strong>, <strong>Arsene Wenger<\/strong>, confirm\u00f3 ante medios de comunicaci\u00f3n que el delantero franc\u00e9s, <strong>Kylian Mbapp\u00e9<\/strong> estuvo muy cerca de llegar con el conjunto londinense.<\/p>\n<div class=\"field field-name-body field-type-text-with-summary field-label-hidden txt_nota\">\n<div class=\"field-items\">\n<div class=\"field-item even\">\n<blockquote><p>&#8220;Estuvimos muy cerca (de ficharlo) el a\u00f1o pasado&#8221;,\u00a0expres\u00f3 Wenger en rueda de prensa,\u00a0&#8220;estuvo muy cerca de llegar; quiz\u00e1 m\u00e1s cerca que este a\u00f1o porque la competencia que hab\u00eda por \u00e9l era menor&#8221;, a\u00f1adi\u00f3.<\/p><\/blockquote>\n<p>Por su parte, el delantero franc\u00e9s revel\u00f3 el pasado mi\u00e9rcoles que hab\u00eda negociado con el Arsenal su incorporaci\u00f3n.<\/p>\n<p style=\"text-align: center;\"><span style=\"color: #333399;\"><a style=\"color: #333399;\" href=\"https:\/\/www.futboltotal.com.mx\/2017\/09\/keylor-navas-me-rio-con-ochoa-nuestra-supuesta-rivalidad\/\" target=\"_blank\" rel=\"noopener noreferrer\">VER M\u00c1S: Keylor Navas habla sobre supuesta rivalidad con Memo Ochoa<\/a><\/span><\/p>\n<p>\u201c<strong>S\u00ed me encontr\u00e9 con Arsene Wenger<\/strong>, que es un gran entrenador y tiene una gran reputaci\u00f3n en Francia. Tiene mucho respeto porque sabe manejar a los jugadores j\u00f3venes. Fue una opci\u00f3n real para m\u00ed. Pero por supuesto que <strong>Paris Saint-Germain<\/strong> siempre fue mi opci\u00f3n principal\u201d, dijo el ahora jugador del PSG.<\/p>\n<p>&#8220;Creo que las carreras del 90% de los futbolistas dependen de donde juegan. Pero ese 10% restante puede elegir libremente el sitio en el que juegan y tener una gran carrera; \u00e9l\u00a0est\u00e1 en ese grupo del 10 por ciento. Puede cerrar los ojos y elegir: &#8216;Voy a ir ah\u00ed o ah\u00ed, al<strong>\u00a0Real Madrid<\/strong>, al\u00a0<strong>Arsenal\u00a0<\/strong>o al\u00a0<strong>Manchester United<\/strong>&#8216;. Y en cualquier sitio tendr\u00eda una gran carrera, ya que es un futbolista excepcional&#8221;,\u00a0declar\u00f3 el estratega franc\u00e9s.<\/p>\n<p style=\"text-align: center;\"><span style=\"color: #333399;\"><a style=\"color: #333399;\" href=\"https:\/\/www.futboltotal.com.mx\/2017\/09\/horacio-sanchez-reitera-sergio-egea-cobraba-alinear-jugadores\/\" target=\"_blank\" rel=\"noopener noreferrer\">VER M\u00c1S: Horacio S\u00e1nchez reitera: Sergio Egea cobraba por alinear jugadores<\/a><\/span><\/p>\n<p>&nbsp;<\/p>\n<\/div>\n<\/div>\n<\/div>\n","protected":false},"excerpt":{"rendered":"<p>El delantero franc\u00e9s tuvo la oportunidad de elegir equipo<\/p>\n","protected":false},"author":20,"featured_media":498050,"comment_status":"closed","ping_status":"closed","sticky":false,"template":"","format":"standard","meta":[],"categories":[3839],"tags":[6044,2177,8525,114],"_links":{"self":[{"href":"http:\/\/desarrollo.grupomedios.com\/futbol\/wp-json\/wp\/v2\/posts\/498598"}],"collection":[{"href":"http:\/\/desarrollo.grupomedios.com\/futbol\/wp-json\/wp\/v2\/posts"}],"about":[{"href":"http:\/\/desarrollo.grupomedios.com\/futbol\/wp-json\/wp\/v2\/types\/post"}],"author":[{"embeddable":true,"href":"http:\/\/desarrollo.grupomedios.com\/futbol\/wp-json\/wp\/v2\/users\/20"}],"replies":[{"embeddable":true,"href":"http:\/\/desarrollo.grupomedios.com\/futbol\/wp-json\/wp\/v2\/comments?post=498598"}],"version-history":[{"count":1,"href":"http:\/\/desarrollo.grupomedios.com\/futbol\/wp-json\/wp\/v2\/posts\/498598\/revisions"}],"predecessor-version":[{"id":498600,"href":"http:\/\/desarrollo.grupomedios.com\/futbol\/wp-json\/wp\/v2\/posts\/498598\/revisions\/498600"}],"wp:featuredmedia":[{"embeddable":true,"href":"http:\/\/desarrollo.grupomedios.com\/futbol\/wp-json\/wp\/v2\/media\/498050"}],"wp:attachment":[{"href":"http:\/\/desarrollo.grupomedios.com\/futbol\/wp-json\/wp\/v2\/media?parent=498598"}],"wp:term":[{"taxonomy":"category","embeddable":true,"href":"http:\/\/desarrollo.grupomedios.com\/futbol\/wp-json\/wp\/v2\/categories?post=498598"},{"taxonomy":"post_tag","embeddable":true,"href":"http:\/\/desarrollo.grupomedios.com\/futbol\/wp-json\/wp\/v2\/tags?post=498598"}],"curies":[{"name":"wp","href":"https:\/\/api.w.org\/{rel}","templated":true}]}}