{"id":498612,"date":"2017-09-07T11:10:48","date_gmt":"2017-09-07T16:10:48","guid":{"rendered":"https:\/\/www.futboltotal.com.mx\/?p=498612"},"modified":"2017-09-07T11:10:48","modified_gmt":"2017-09-07T16:10:48","slug":"gol-lalo-herrera-nominado-al-mejor-agosto-en-rangers","status":"publish","type":"post","link":"http:\/\/desarrollo.grupomedios.com\/futbol\/futbol-internacional\/gol-lalo-herrera-nominado-al-mejor-agosto-en-rangers\/2017\/09","title":{"rendered":"Gol de Lalo Herrera, nominado al mejor de agosto en Rangers"},"content":{"rendered":"<p>El delantero mexicano <strong>Eduardo Herrera<\/strong> comienza a destacar en su aventura por el futbol europeo con el <strong>Glasgow Rangers<\/strong> de la Liga escocesa, luego de que su gol ante el <strong>Ross County<\/strong> haya sido nominado a mejor del mes de agosto.<\/p>\n<p>El conjunto escoc\u00e9s, por medio de su sitio web y redes sociales, pidi\u00f3 a sus seguidores que voten por la mejor anotaci\u00f3n del equipo en el pasado mes, incluyendo el tanto del ex jugador de <strong>Pumas<\/strong>, <strong>Santos<\/strong> y <strong>Veracruz<\/strong>.<\/p>\n<p style=\"text-align: center;\"><a href=\"https:\/\/www.futboltotal.com.mx\/2017\/09\/keylor-navas-me-rio-con-ochoa-nuestra-supuesta-rivalidad\/\" target=\"_blank\" rel=\"noopener noreferrer\"><span style=\"color: #333399;\">VER M\u00c1S: Keylor Navas: &#8220;Me r\u00edo con Ochoa de nuestra supuesta rivalidad&#8221;<\/span><\/a><\/p>\n<p>&nbsp;<\/p>\n<blockquote class=\"twitter-tweet\" data-lang=\"es\">\n<p dir=\"ltr\" lang=\"en\">\u26bd\ufe0fVote for your Goal of the Month for the chance to recreate the goal at the training ground with the winning player <a href=\"https:\/\/t.co\/meg20g0c0B\">https:\/\/t.co\/meg20g0c0B<\/a> <a href=\"https:\/\/t.co\/u0DqML3wFE\">pic.twitter.com\/u0DqML3wFE<\/a><\/p>\n<p>\u2014 Rangers FC (@RangersFC) <a href=\"https:\/\/twitter.com\/RangersFC\/status\/905415730195288065\">6 de septiembre de 2017<\/a><\/p><\/blockquote>\n<p><script async src=\"\/\/platform.twitter.com\/widgets.js\" charset=\"utf-8\"><\/script><\/p>\n<p>Herrera compite con los goles de Graeme Dorrans contra Motherwell, Bruno Alves ante Dunfermline, Daniel Candeias en ese mismo juego\u00a0y el colombiano Alfredo Morelos contra el Ross County.<\/p>\n<p>&nbsp;<\/p>\n<blockquote class=\"twitter-video\" data-lang=\"es\">\n<p dir=\"ltr\" lang=\"es\">AYER:<\/p>\n<p>Eduardo Herrera anot\u00f3 en la victoria de <a href=\"https:\/\/twitter.com\/hashtag\/Rangers?src=hash\">#Rangers<\/a> 3-1 sobre <a href=\"https:\/\/twitter.com\/hashtag\/RossCounty?src=hash\">#RossCounty<\/a> <a href=\"https:\/\/t.co\/R4FpOIomTX\">pic.twitter.com\/R4FpOIomTX<\/a><\/p>\n<p>\u2014 Goles Mexicanos (@goles_mexicanos) <a href=\"https:\/\/twitter.com\/goles_mexicanos\/status\/902345232427175936\">29 de agosto de 2017<\/a><\/p><\/blockquote>\n<p><script async src=\"\/\/platform.twitter.com\/widgets.js\" charset=\"utf-8\"><\/script><\/p>\n<p>La votaci\u00f3n concluir\u00e1 esta misma semana, mientras que el pr\u00f3ximo s\u00e1bado el Rangers enfrentar\u00e1 al Dundee, juego donde se espera que Herrera y su compatriota Carlos <em>Gullit<\/em> Pe\u00f1a vean acci\u00f3n.<\/p>\n","protected":false},"excerpt":{"rendered":"<p>El mexicano compite por ganar como mejor anotaci\u00f3n del mes con el club escoc\u00e9s.<\/p>\n","protected":false},"author":20,"featured_media":496343,"comment_status":"closed","ping_status":"closed","sticky":false,"template":"","format":"standard","meta":[],"categories":[3839],"tags":[1140,1237,10112],"_links":{"self":[{"href":"http:\/\/desarrollo.grupomedios.com\/futbol\/wp-json\/wp\/v2\/posts\/498612"}],"collection":[{"href":"http:\/\/desarrollo.grupomedios.com\/futbol\/wp-json\/wp\/v2\/posts"}],"about":[{"href":"http:\/\/desarrollo.grupomedios.com\/futbol\/wp-json\/wp\/v2\/types\/post"}],"author":[{"embeddable":true,"href":"http:\/\/desarrollo.grupomedios.com\/futbol\/wp-json\/wp\/v2\/users\/20"}],"replies":[{"embeddable":true,"href":"http:\/\/desarrollo.grupomedios.com\/futbol\/wp-json\/wp\/v2\/comments?post=498612"}],"version-history":[{"count":1,"href":"http:\/\/desarrollo.grupomedios.com\/futbol\/wp-json\/wp\/v2\/posts\/498612\/revisions"}],"predecessor-version":[{"id":498615,"href":"http:\/\/desarrollo.grupomedios.com\/futbol\/wp-json\/wp\/v2\/posts\/498612\/revisions\/498615"}],"wp:featuredmedia":[{"embeddable":true,"href":"http:\/\/desarrollo.grupomedios.com\/futbol\/wp-json\/wp\/v2\/media\/496343"}],"wp:attachment":[{"href":"http:\/\/desarrollo.grupomedios.com\/futbol\/wp-json\/wp\/v2\/media?parent=498612"}],"wp:term":[{"taxonomy":"category","embeddable":true,"href":"http:\/\/desarrollo.grupomedios.com\/futbol\/wp-json\/wp\/v2\/categories?post=498612"},{"taxonomy":"post_tag","embeddable":true,"href":"http:\/\/desarrollo.grupomedios.com\/futbol\/wp-json\/wp\/v2\/tags?post=498612"}],"curies":[{"name":"wp","href":"https:\/\/api.w.org\/{rel}","templated":true}]}}