{"id":498621,"date":"2017-09-07T12:02:41","date_gmt":"2017-09-07T17:02:41","guid":{"rendered":"https:\/\/www.futboltotal.com.mx\/?p=498621"},"modified":"2017-09-07T12:02:41","modified_gmt":"2017-09-07T17:02:41","slug":"necaxa-anuncia-fichaje-la-perla-chilena-marcelo-allende","status":"publish","type":"post","link":"http:\/\/desarrollo.grupomedios.com\/futbol\/destacado-home\/necaxa-anuncia-fichaje-la-perla-chilena-marcelo-allende\/2017\/09","title":{"rendered":"Necaxa anuncia el fichaje de la perla chilena Marcelo Allende"},"content":{"rendered":"<p>El <strong>Necaxa<\/strong> no para de dar a conocer nuevos fichajes, aunque esta vez se trata de un jugador que llegar\u00e1 al club de Aguascalientes hasta el 2018, luego de anunciar al joven chileno <strong>Marcelo Iv\u00e1n Allende Bravo<\/strong> como su futbolista a partir del\u00a0Torneo Clausura 2018 de la Liga MX.<\/p>\n<p>El jugador chileno nacido el 7 de abril de 1999 en Pudahuel, Chile, que se integrar\u00e1 al plantel de los <em>Rayos<\/em> hasta el siguiente a\u00f1o,\u00a0proviene del <strong>Club Deportes Santa Cruz<\/strong> de la Segunda Divisi\u00f3n del futbol andino.<\/p>\n<p style=\"text-align: center;\"><a href=\"https:\/\/www.futboltotal.com.mx\/2017\/09\/west-ham-trollea-al-manchester-united-golazo-chicharito\/\" target=\"_blank\" rel=\"noopener noreferrer\"><span style=\"color: #333399;\">VER M\u00c1S: West Trolle\u00f3 al Manchester United por golazo de Chicharito<\/span><\/a><\/p>\n<p>&nbsp;<\/p>\n<blockquote class=\"twitter-tweet\" data-lang=\"es\">\n<p dir=\"ltr\" lang=\"es\">\u00a1Nuestro primer refuerzo para el <a href=\"https:\/\/twitter.com\/hashtag\/CL18?src=hash\">#CL18<\/a>! \u00a1Bienvenido, Marcelo! Conoce a nuestro joven jugador <a href=\"https:\/\/twitter.com\/hashtag\/MarceloAllende?src=hash\">#MarceloAllende<\/a>&#x1f1e8;&#x1f1f1;\u26a1\ufe0f&#x1f44a;&#x1f3fd;&#x1f449;&#x1f3fd; <a href=\"https:\/\/t.co\/Dk1QFHHBwS\">https:\/\/t.co\/Dk1QFHHBwS<\/a> <a href=\"https:\/\/t.co\/vmEKJDpXSe\">pic.twitter.com\/vmEKJDpXSe<\/a><\/p>\n<p>\u2014 Club Necaxa \u26a1 (@ClubNecaxa) <a href=\"https:\/\/twitter.com\/ClubNecaxa\/status\/905830533065830400\">7 de septiembre de 2017<\/a><\/p><\/blockquote>\n<p><script async src=\"\/\/platform.twitter.com\/widgets.js\" charset=\"utf-8\"><\/script><\/p>\n<p>Aunque muy joven, Marcelo ya figura en el plano internacional al ser seleccionado y capit\u00e1n Sub 17 y Sub 20 de su pa\u00eds. Particip\u00f3 en la Copa del Mundo Sub 17 de 2015 en la que\u00a0marc\u00f3 dos anotaciones, siendo el goleador de su equipo y llegando a octavos de final del certamen, ronda en la que\u00a0 a la <strong>Selecci\u00f3n Mexicana<\/strong>.<\/p>\n<p>Despu\u00e9s de su participaci\u00f3n en el Mundial Sub 17 de ese a\u00f1o, Allende llam\u00f3 la atenci\u00f3n de varios clubes a nivel internacional, incluyendo entre ellos al <strong>Arsenal<\/strong> de la <strong>Premier League<\/strong>, conjunto donde milita su compatriota <strong>Alexis S\u00e1nchez<\/strong>.<\/p>\n<p><iframe loading=\"lazy\" src=\"https:\/\/www.youtube.com\/embed\/vUpX_08JGHc\" frameborder=\"0\" allowfullscreen=\"allowfullscreen\"><\/iframe><\/p>\n<p>Con los <em>Gunners<\/em>, el joven chileno estuvo entrenando por m\u00e1s de 6 meses; incluso tambi\u00e9n interes\u00f3 al <strong>Manchester City<\/strong>, pero el Necaxa se ha adelantado a los dos clubes ingleses.<\/p>\n<p>Marcelo recibi\u00f3 ha sido llamado a\u00a0las convocatorias de la Selecci\u00f3n mayor de <strong>Chile<\/strong> para participar en sus entrenamientos.<\/p>\n","protected":false},"excerpt":{"rendered":"<p>Los Rayos le ganaron a Arsenal y Manchester City al &#8216;nuevo Alexis S\u00e1nchez&#8217;.<\/p>\n","protected":false},"author":20,"featured_media":498624,"comment_status":"closed","ping_status":"closed","sticky":false,"template":"","format":"standard","meta":[],"categories":[5,2198,3845],"tags":[6053,6044,5993,10113,261],"_links":{"self":[{"href":"http:\/\/desarrollo.grupomedios.com\/futbol\/wp-json\/wp\/v2\/posts\/498621"}],"collection":[{"href":"http:\/\/desarrollo.grupomedios.com\/futbol\/wp-json\/wp\/v2\/posts"}],"about":[{"href":"http:\/\/desarrollo.grupomedios.com\/futbol\/wp-json\/wp\/v2\/types\/post"}],"author":[{"embeddable":true,"href":"http:\/\/desarrollo.grupomedios.com\/futbol\/wp-json\/wp\/v2\/users\/20"}],"replies":[{"embeddable":true,"href":"http:\/\/desarrollo.grupomedios.com\/futbol\/wp-json\/wp\/v2\/comments?post=498621"}],"version-history":[{"count":1,"href":"http:\/\/desarrollo.grupomedios.com\/futbol\/wp-json\/wp\/v2\/posts\/498621\/revisions"}],"predecessor-version":[{"id":498627,"href":"http:\/\/desarrollo.grupomedios.com\/futbol\/wp-json\/wp\/v2\/posts\/498621\/revisions\/498627"}],"wp:featuredmedia":[{"embeddable":true,"href":"http:\/\/desarrollo.grupomedios.com\/futbol\/wp-json\/wp\/v2\/media\/498624"}],"wp:attachment":[{"href":"http:\/\/desarrollo.grupomedios.com\/futbol\/wp-json\/wp\/v2\/media?parent=498621"}],"wp:term":[{"taxonomy":"category","embeddable":true,"href":"http:\/\/desarrollo.grupomedios.com\/futbol\/wp-json\/wp\/v2\/categories?post=498621"},{"taxonomy":"post_tag","embeddable":true,"href":"http:\/\/desarrollo.grupomedios.com\/futbol\/wp-json\/wp\/v2\/tags?post=498621"}],"curies":[{"name":"wp","href":"https:\/\/api.w.org\/{rel}","templated":true}]}}