{"id":498635,"date":"2017-09-07T13:05:33","date_gmt":"2017-09-07T18:05:33","guid":{"rendered":"https:\/\/www.futboltotal.com.mx\/?p=498635"},"modified":"2017-09-07T13:05:33","modified_gmt":"2017-09-07T18:05:33","slug":"ex-cruz-azul-sufre-burlas-supuesto-sobrepeso","status":"publish","type":"post","link":"http:\/\/desarrollo.grupomedios.com\/futbol\/futbol-mexicano\/ex-cruz-azul-sufre-burlas-supuesto-sobrepeso\/2017\/09","title":{"rendered":"Ex de Cruz Azul sufre burlas por supuesto sobrepeso"},"content":{"rendered":"<p>A trav\u00e9s de Twitter, los usuarios hicieron eco de una fotograf\u00eda en la que apareci\u00f3\u00a0<strong>Jonatan Cristaldo,\u00a0<\/strong>que jugara para <strong>Cruz Azul<\/strong> y <strong>Monterrey<\/strong> en M\u00e9xico y ahora milita en <strong>V\u00e9lez<\/strong> de Argentina, por su puesto sobrepeso.<\/p>\n<p>El brasile\u00f1o aparece en un juego enfundado con la camiseta de V\u00e9lez; sin embargo, la casaca se le notaba apretada.<\/p>\n<p style=\"text-align: center;\"><span style=\"color: #333399;\"><a style=\"color: #333399;\" href=\"https:\/\/www.futboltotal.com.mx\/2017\/09\/gol-lalo-herrera-nominado-al-mejor-agosto-en-rangers\/\" target=\"_blank\" rel=\"noopener noreferrer\">VER M\u00c1S: Gol de Lalo Herrera, nominado al mejor de agosto<\/a><\/span><\/p>\n<p>En 2016 lleg\u00f3 a Cruz Azul proveniente del <strong>Palmeiras<\/strong> de Brasil, con <strong>La M\u00e1quina<\/strong> disput\u00f3 10 juegos y marco 2 goles. Posteriormente pas\u00f3 en calidad de pr\u00e9stamo a <strong>Rayados<\/strong> de Monterrey, con quien jug\u00f3 cuatro encuentros y anot\u00f3 un gol.<\/p>\n<p><a href=\"https:\/\/www.futboltotal.com.mx\/wp-content\/uploads\/2017\/09\/cristaldo-gordo.jpg\"><img decoding=\"async\" loading=\"lazy\" class=\"size-full wp-image-498637 aligncenter\" src=\"https:\/\/www.futboltotal.com.mx\/wp-content\/uploads\/2017\/09\/cristaldo-gordo.jpg\" alt=\"Ex de Cruz Azul sufre burlas por supuesto sobrepeso 0\" srcset=\"http:\/\/desarrollo.grupomedios.com\/futbol\/wp-content\/uploads\/2017\/09\/cristaldo-gordo.jpg 750w, http:\/\/desarrollo.grupomedios.com\/futbol\/wp-content\/uploads\/2017\/09\/cristaldo-gordo-225x300.jpg 225w\" sizes=\"(max-width: 750px) 100vw, 750px\" \/><\/a><\/p>\n<blockquote class=\"twitter-tweet\" data-lang=\"es\">\n<p dir=\"ltr\" lang=\"pt\">Est\u00e1 festejando <a href=\"https:\/\/t.co\/RS0xsAV5Ah\">pic.twitter.com\/RS0xsAV5Ah<\/a><\/p>\n<p>\u2014 Gerardo Garza D\u00edaz (@acegera) <a href=\"https:\/\/twitter.com\/acegera\/status\/905669831243870208\">7 de septiembre de 2017<\/a><\/p><\/blockquote>\n<p><script async src=\"\/\/platform.twitter.com\/widgets.js\" charset=\"utf-8\"><\/script><\/p>\n<blockquote class=\"twitter-tweet\" data-lang=\"es\">\n<p dir=\"ltr\" lang=\"es\">El chavo predijo a Cristaldo. <a href=\"https:\/\/t.co\/XcRnXpcbrS\">pic.twitter.com\/XcRnXpcbrS<\/a><\/p>\n<p>\u2014 Contra Del Futbol (@ContraDelFutbol) <a href=\"https:\/\/twitter.com\/ContraDelFutbol\/status\/905601388994068482\">7 de septiembre de 2017<\/a><\/p><\/blockquote>\n<p><script async src=\"\/\/platform.twitter.com\/widgets.js\" charset=\"utf-8\"><\/script><\/p>\n<blockquote class=\"twitter-tweet\" data-lang=\"es\">\n<p dir=\"ltr\" lang=\"es\">Y nosotros que ped\u00edamos a Cristaldo tremendo embarazo el loco, felicitaciones vas a ser papa <a href=\"https:\/\/t.co\/8muarLNkzS\">pic.twitter.com\/8muarLNkzS<\/a><\/p>\n<p>\u2014 MAGIDERIVER (@RIVERMAGIDE) <a href=\"https:\/\/twitter.com\/RIVERMAGIDE\/status\/905625025360707584\">7 de septiembre de 2017<\/a><\/p><\/blockquote>\n<p><script async src=\"\/\/platform.twitter.com\/widgets.js\" charset=\"utf-8\"><\/script><\/p>\n<p style=\"text-align: center;\"><span style=\"color: #333399;\"><a style=\"color: #333399;\" href=\"https:\/\/www.futboltotal.com.mx\/2017\/09\/neymar-fue-la-segunda-opcion-psg-era-la-primera\/\" target=\"_blank\" rel=\"noopener noreferrer\">VER M\u00c1S: Neymar\u00a0fue la segunda opci\u00f3n del PSG, \u00bfQui\u00e9n fue la primera?<\/a><\/span><\/p>\n","protected":false},"excerpt":{"rendered":"<p>El jugador no tuvo sus mejores momentos en la Liga MX<\/p>\n","protected":false},"author":20,"featured_media":496164,"comment_status":"closed","ping_status":"closed","sticky":false,"template":"","format":"standard","meta":[],"categories":[2198,3845],"tags":[5962,9768,497,2907],"_links":{"self":[{"href":"http:\/\/desarrollo.grupomedios.com\/futbol\/wp-json\/wp\/v2\/posts\/498635"}],"collection":[{"href":"http:\/\/desarrollo.grupomedios.com\/futbol\/wp-json\/wp\/v2\/posts"}],"about":[{"href":"http:\/\/desarrollo.grupomedios.com\/futbol\/wp-json\/wp\/v2\/types\/post"}],"author":[{"embeddable":true,"href":"http:\/\/desarrollo.grupomedios.com\/futbol\/wp-json\/wp\/v2\/users\/20"}],"replies":[{"embeddable":true,"href":"http:\/\/desarrollo.grupomedios.com\/futbol\/wp-json\/wp\/v2\/comments?post=498635"}],"version-history":[{"count":1,"href":"http:\/\/desarrollo.grupomedios.com\/futbol\/wp-json\/wp\/v2\/posts\/498635\/revisions"}],"predecessor-version":[{"id":498639,"href":"http:\/\/desarrollo.grupomedios.com\/futbol\/wp-json\/wp\/v2\/posts\/498635\/revisions\/498639"}],"wp:featuredmedia":[{"embeddable":true,"href":"http:\/\/desarrollo.grupomedios.com\/futbol\/wp-json\/wp\/v2\/media\/496164"}],"wp:attachment":[{"href":"http:\/\/desarrollo.grupomedios.com\/futbol\/wp-json\/wp\/v2\/media?parent=498635"}],"wp:term":[{"taxonomy":"category","embeddable":true,"href":"http:\/\/desarrollo.grupomedios.com\/futbol\/wp-json\/wp\/v2\/categories?post=498635"},{"taxonomy":"post_tag","embeddable":true,"href":"http:\/\/desarrollo.grupomedios.com\/futbol\/wp-json\/wp\/v2\/tags?post=498635"}],"curies":[{"name":"wp","href":"https:\/\/api.w.org\/{rel}","templated":true}]}}