{"id":498638,"date":"2017-09-07T13:43:04","date_gmt":"2017-09-07T18:43:04","guid":{"rendered":"https:\/\/www.futboltotal.com.mx\/?p=498638"},"modified":"2017-09-07T13:43:04","modified_gmt":"2017-09-07T18:43:04","slug":"higuera-visita-manchester-united-chiva-a-old-trafford","status":"publish","type":"post","link":"http:\/\/desarrollo.grupomedios.com\/futbol\/futbol-mexicano\/higuera-visita-manchester-united-chiva-a-old-trafford\/2017\/09","title":{"rendered":"Higuera visita Manchester United, \u00bfotro Chiva a Old Trafford?"},"content":{"rendered":"<p>El tour de <strong>Jos\u00e9 Luis Higuera<\/strong>, CEO de Grupo Omnilife-<strong>Chivas<\/strong>, por suelo europeo contin\u00faa en Inglaterra y esta vez el pol\u00e9mico directivo del <em><strong>Reba\u00f1o<\/strong><\/em> presumi\u00f3 su visita a las instalaciones del <strong>Manchester United<\/strong>, hist\u00f3rico club de la <strong>Premier League<\/strong>.<\/p>\n<p>Higuera public\u00f3 en redes sociales im\u00e1genes de las instalaciones de los <em>Red Devils<\/em>, con la frase: &#8220;100% negocios <strong>Manchester United<\/strong>\u00a0(liga, comercial, media, fichajes, academia) interesant\u00edsimo, ambiente muy brit\u00e1nico \u00a0mas tarde ahora a comer y seguir&#8221;.<\/p>\n<p style=\"text-align: center;\"><a href=\"https:\/\/www.futboltotal.com.mx\/2017\/09\/neymar-fue-la-segunda-opcion-psg-era-la-primera\/\" target=\"_blank\" rel=\"noopener noreferrer\"><span style=\"color: #333399;\">VER M\u00c1S: Neymar era la segunda opci\u00f3n del PSG, \u00bfqui\u00e9n era la primera?<\/span><\/a><\/p>\n<p>&nbsp;<\/p>\n<blockquote class=\"twitter-tweet\" data-lang=\"es\">\n<p dir=\"ltr\" lang=\"es\">100% negocios <a href=\"https:\/\/twitter.com\/ManUtd\">@ManUtd<\/a> (liga,comercial,media,fichajes,academia) interesant\u00edsimo, ambiente muy brit\u00e1nico \u26bd\ufe0f mas tarde ahora a comer y seguir <a href=\"https:\/\/t.co\/G4rWD7eb1l\">pic.twitter.com\/G4rWD7eb1l<\/a><\/p>\n<p>\u2014 Jose Luis Higuera B (@JLHB33) <a href=\"https:\/\/twitter.com\/JLHB33\/status\/905750353680969728\">7 de septiembre de 2017<\/a><\/p><\/blockquote>\n<p><script async src=\"\/\/platform.twitter.com\/widgets.js\" charset=\"utf-8\"><\/script><\/p>\n<p>Sin embargo, los comentarios en Twitter no tardaron por parte de la naci\u00f3n rojiblanca, que le pregunt\u00f3 a Higuera desde\u00a0si <strong>Rodolfo Pizarro<\/strong> ser\u00e1 el pr\u00f3ximo jugador de <strong>Chivas<\/strong> que emigre a Europa o si el <em>Reba\u00f1o<\/em> empezar\u00e1 pl\u00e1ticas con el portugu\u00e9s <strong>Jos\u00e9 Mourinho<\/strong> para reemplazar a <strong>Mat\u00edas Almeyda<\/strong> en el banquillo del Guadalajara.<\/p>\n<p><a href=\"https:\/\/www.futboltotal.com.mx\/wp-content\/uploads\/2017\/09\/Twitter-Higuera-Chivas-Manchester-United.png\"><img decoding=\"async\" loading=\"lazy\" class=\"aligncenter size-full wp-image-498649\" src=\"https:\/\/www.futboltotal.com.mx\/wp-content\/uploads\/2017\/09\/Twitter-Higuera-Chivas-Manchester-United.png\" alt=\"Higuera visita Manchester United, \u00bfotro Chiva a Old Trafford? 0\" srcset=\"http:\/\/desarrollo.grupomedios.com\/futbol\/wp-content\/uploads\/2017\/09\/Twitter-Higuera-Chivas-Manchester-United.png 640w, http:\/\/desarrollo.grupomedios.com\/futbol\/wp-content\/uploads\/2017\/09\/Twitter-Higuera-Chivas-Manchester-United-300x55.png 300w\" sizes=\"(max-width: 640px) 100vw, 640px\" \/><\/a><\/p>\n<p><a href=\"https:\/\/www.futboltotal.com.mx\/wp-content\/uploads\/2017\/09\/Twitter-Higuera-Chivas-Manchester-United2.png\"><img decoding=\"async\" loading=\"lazy\" class=\"aligncenter size-full wp-image-498648\" src=\"https:\/\/www.futboltotal.com.mx\/wp-content\/uploads\/2017\/09\/Twitter-Higuera-Chivas-Manchester-United2.png\" alt=\"Higuera visita Manchester United, \u00bfotro Chiva a Old Trafford? 1\" srcset=\"http:\/\/desarrollo.grupomedios.com\/futbol\/wp-content\/uploads\/2017\/09\/Twitter-Higuera-Chivas-Manchester-United2.png 640w, http:\/\/desarrollo.grupomedios.com\/futbol\/wp-content\/uploads\/2017\/09\/Twitter-Higuera-Chivas-Manchester-United2-300x55.png 300w\" sizes=\"(max-width: 640px) 100vw, 640px\" \/><\/a><\/p>\n<p>Incluso, no falt\u00f3 quien pidi\u00f3 que el directivo regresara a M\u00e9xico con <strong>Javier <em>Chicharito<\/em> Hern\u00e1ndez<\/strong>.<\/p>\n<p><a href=\"https:\/\/www.futboltotal.com.mx\/wp-content\/uploads\/2017\/09\/Twitter-Higuera-Chivas-Manchester-United3.png\"><img decoding=\"async\" loading=\"lazy\" class=\"aligncenter size-full wp-image-498647\" src=\"https:\/\/www.futboltotal.com.mx\/wp-content\/uploads\/2017\/09\/Twitter-Higuera-Chivas-Manchester-United3.png\" alt=\"Higuera visita Manchester United, \u00bfotro Chiva a Old Trafford? 2\" srcset=\"http:\/\/desarrollo.grupomedios.com\/futbol\/wp-content\/uploads\/2017\/09\/Twitter-Higuera-Chivas-Manchester-United3.png 638w, http:\/\/desarrollo.grupomedios.com\/futbol\/wp-content\/uploads\/2017\/09\/Twitter-Higuera-Chivas-Manchester-United3-300x56.png 300w\" sizes=\"(max-width: 638px) 100vw, 638px\" \/><\/a><\/p>\n","protected":false},"excerpt":{"rendered":"<p>El directivo del Guadalajara presumi\u00f3 su paso por las instalaciones de los Red Devils.<\/p>\n","protected":false},"author":20,"featured_media":482018,"comment_status":"closed","ping_status":"closed","sticky":false,"template":"","format":"standard","meta":[],"categories":[2198,3845],"tags":[70,7368,43,3120],"_links":{"self":[{"href":"http:\/\/desarrollo.grupomedios.com\/futbol\/wp-json\/wp\/v2\/posts\/498638"}],"collection":[{"href":"http:\/\/desarrollo.grupomedios.com\/futbol\/wp-json\/wp\/v2\/posts"}],"about":[{"href":"http:\/\/desarrollo.grupomedios.com\/futbol\/wp-json\/wp\/v2\/types\/post"}],"author":[{"embeddable":true,"href":"http:\/\/desarrollo.grupomedios.com\/futbol\/wp-json\/wp\/v2\/users\/20"}],"replies":[{"embeddable":true,"href":"http:\/\/desarrollo.grupomedios.com\/futbol\/wp-json\/wp\/v2\/comments?post=498638"}],"version-history":[{"count":1,"href":"http:\/\/desarrollo.grupomedios.com\/futbol\/wp-json\/wp\/v2\/posts\/498638\/revisions"}],"predecessor-version":[{"id":498652,"href":"http:\/\/desarrollo.grupomedios.com\/futbol\/wp-json\/wp\/v2\/posts\/498638\/revisions\/498652"}],"wp:featuredmedia":[{"embeddable":true,"href":"http:\/\/desarrollo.grupomedios.com\/futbol\/wp-json\/wp\/v2\/media\/482018"}],"wp:attachment":[{"href":"http:\/\/desarrollo.grupomedios.com\/futbol\/wp-json\/wp\/v2\/media?parent=498638"}],"wp:term":[{"taxonomy":"category","embeddable":true,"href":"http:\/\/desarrollo.grupomedios.com\/futbol\/wp-json\/wp\/v2\/categories?post=498638"},{"taxonomy":"post_tag","embeddable":true,"href":"http:\/\/desarrollo.grupomedios.com\/futbol\/wp-json\/wp\/v2\/tags?post=498638"}],"curies":[{"name":"wp","href":"https:\/\/api.w.org\/{rel}","templated":true}]}}