{"id":498656,"date":"2017-09-07T14:12:27","date_gmt":"2017-09-07T19:12:27","guid":{"rendered":"https:\/\/www.futboltotal.com.mx\/?p=498656"},"modified":"2017-09-07T14:21:00","modified_gmt":"2017-09-07T19:21:00","slug":"elbalonazo-a-ti-te-gusta-te-gusta-juega-tri","status":"publish","type":"post","link":"http:\/\/desarrollo.grupomedios.com\/futbol\/futbol-mexicano\/elbalonazo-a-ti-te-gusta-te-gusta-juega-tri\/2017\/09","title":{"rendered":"ELBALONAZO: \u00bfY a ti te gusta c\u00f3mo juega el Tri de Osorio?"},"content":{"rendered":"<p>Una vez m\u00e1s contamos con la opini\u00f3n de la hermosa <strong>Elba Jim\u00e9nez<\/strong>, quien sigue sin estar conforme con el accionar de la <strong>Selecci\u00f3n Mexicana<\/strong> del t\u00e9cnico <strong>Juan Carlos Osorio<\/strong>, pese a que luego de una <strong>Fecha FIFA<\/strong> m\u00e1s el Tri asegur\u00f3 su boleto a Rusia 2018.<\/p>\n<p>Ya como selecci\u00f3n calificada al Mundial, Elba destaca la mejor\u00eda del Tri ante Costa Rica, aunque el resultado final de empate as\u00ed como trabajo y las decisiones del entrenador colombiano no la convencen.<\/p>\n<p>\u00a1No te pierdas ELBALONAZO!<\/p>\n<p class=\"p1\"><span class=\"s1\">[video_player]https:\/\/player.vimeo.com\/external\/232858391.hd.mp4?s=f973130887a7ecab1678cca8ad26e7bb45587dc4&amp;profile_id=174[\/video_player]<\/span><\/p>\n","protected":false},"excerpt":{"rendered":"<p>La bella conductora sigue sin estar de acuerdo con el juego del Tri, pese a que calific\u00f3 al Mundial 2018.<\/p>\n","protected":false},"author":20,"featured_media":498657,"comment_status":"closed","ping_status":"closed","sticky":false,"template":"","format":"standard","meta":[],"categories":[7570,2198,3847],"tags":[213,9460,10034,6196,625,409],"_links":{"self":[{"href":"http:\/\/desarrollo.grupomedios.com\/futbol\/wp-json\/wp\/v2\/posts\/498656"}],"collection":[{"href":"http:\/\/desarrollo.grupomedios.com\/futbol\/wp-json\/wp\/v2\/posts"}],"about":[{"href":"http:\/\/desarrollo.grupomedios.com\/futbol\/wp-json\/wp\/v2\/types\/post"}],"author":[{"embeddable":true,"href":"http:\/\/desarrollo.grupomedios.com\/futbol\/wp-json\/wp\/v2\/users\/20"}],"replies":[{"embeddable":true,"href":"http:\/\/desarrollo.grupomedios.com\/futbol\/wp-json\/wp\/v2\/comments?post=498656"}],"version-history":[{"count":4,"href":"http:\/\/desarrollo.grupomedios.com\/futbol\/wp-json\/wp\/v2\/posts\/498656\/revisions"}],"predecessor-version":[{"id":498665,"href":"http:\/\/desarrollo.grupomedios.com\/futbol\/wp-json\/wp\/v2\/posts\/498656\/revisions\/498665"}],"wp:featuredmedia":[{"embeddable":true,"href":"http:\/\/desarrollo.grupomedios.com\/futbol\/wp-json\/wp\/v2\/media\/498657"}],"wp:attachment":[{"href":"http:\/\/desarrollo.grupomedios.com\/futbol\/wp-json\/wp\/v2\/media?parent=498656"}],"wp:term":[{"taxonomy":"category","embeddable":true,"href":"http:\/\/desarrollo.grupomedios.com\/futbol\/wp-json\/wp\/v2\/categories?post=498656"},{"taxonomy":"post_tag","embeddable":true,"href":"http:\/\/desarrollo.grupomedios.com\/futbol\/wp-json\/wp\/v2\/tags?post=498656"}],"curies":[{"name":"wp","href":"https:\/\/api.w.org\/{rel}","templated":true}]}}