{"id":498682,"date":"2017-09-07T14:55:29","date_gmt":"2017-09-07T19:55:29","guid":{"rendered":"https:\/\/www.futboltotal.com.mx\/?p=498682"},"modified":"2017-09-07T14:55:29","modified_gmt":"2017-09-07T19:55:29","slug":"dario-benedetto-presume-foto-lionel-messi","status":"publish","type":"post","link":"http:\/\/desarrollo.grupomedios.com\/futbol\/futbol-internacional\/dario-benedetto-presume-foto-lionel-messi\/2017\/09","title":{"rendered":"Dar\u00edo Benedetto presume foto con Lionel Messi"},"content":{"rendered":"<p>Previo a la Fecha FIFA de eliminatorias rumbo a Rusia 2018, la <strong>Selecci\u00f3n Argentina<\/strong> sorprendi\u00f3 con el llamado del ex delantero del Am\u00e9rica, <strong>Dar\u00edo Benedetto<\/strong>.<\/p>\n<p><em>El Pipa<\/em> ha destacado en su pa\u00eds por los goles que ha marcado con<strong> Boca Juniors<\/strong> , por lo que algunos otros no se sorprendieron por el llamado de <strong>Jorge Sampaoli<\/strong>.<\/p>\n<p style=\"text-align: center;\"><span style=\"color: #3366ff;\"><a style=\"color: #3366ff;\" href=\"https:\/\/www.futboltotal.com.mx\/2017\/09\/angel-reyna-se-quiere-retirar-en-america\/\">VER M\u00c1S: \u00c1ngel Reyna se quiere retirar en el Am\u00e9rica<\/a><\/span><\/p>\n<p>Pero adem\u00e1s de que tuvo minutos en el partido donde <span style=\"color: #3366ff;\"><a style=\"color: #3366ff;\" href=\"https:\/\/www.futboltotal.com.mx\/2017\/09\/argentina-levanta-empata-venezuela-en-casa\/\" target=\"_blank\" rel=\"noopener noreferrer\">Argentina empat\u00f3 1-1 con Venezuela<\/a><\/span>, <strong>Benedetto<\/strong> tampoco dej\u00f3 escapar la oportunidad de pedirle a <strong>Lionel Messi<\/strong> la foto del recuerdo.<\/p>\n<p>Esta fue la primera convocatoria del &#8216;Pipa&#8217; con la albiceleste. \u201cSin palabras\u201d, fue lo que escribi\u00f3 <em>Pipa<\/em>.<\/p>\n<blockquote class=\"instagram-media\" style=\"background: #FFF; border: 0; border-radius: 3px; box-shadow: 0 0 1px 0 rgba(0,0,0,0.5),0 1px 10px 0 rgba(0,0,0,0.15); margin: 1px; max-width: 658px; padding: 0; width: calc(100% - 2px);\" data-instgrm-captioned=\"\" data-instgrm-version=\"7\">\n<div style=\"padding: 8px;\">\n<div style=\"background: #F8F8F8; line-height: 0; margin-top: 40px; padding: 50.0% 0; text-align: center; width: 100%;\"><\/div>\n<p style=\"margin: 8px 0 0 0; padding: 0 4px;\"><a style=\"color: #000; font-family: Arial,sans-serif; font-size: 14px; font-style: normal; font-weight: normal; line-height: 17px; text-decoration: none; word-wrap: break-word;\" href=\"https:\/\/www.instagram.com\/p\/BYuKE3DBJo9\/\" target=\"_blank\" rel=\"noopener noreferrer\">Sin palabras!! &#x1f1e6;&#x1f1f7;<\/a><\/p>\n<p style=\"color: #c9c8cd; font-family: Arial,sans-serif; font-size: 14px; line-height: 17px; margin-bottom: 0; margin-top: 8px; overflow: hidden; padding: 8px 0 7px; text-align: center; text-overflow: ellipsis; white-space: nowrap;\">Una publicaci\u00f3n compartida por Dario Benedetto (@pipabenedetto90) el <time style=\"font-family: Arial,sans-serif; font-size: 14px; line-height: 17px;\" datetime=\"2017-09-07T01:22:49+00:00\">6 de Sep de 2017 a la(s) 6:22 PDT<\/time><\/p>\n<\/div>\n<\/blockquote>\n<p><script async defer src=\"\/\/platform.instagram.com\/en_US\/embeds.js\"><\/script><\/p>\n","protected":false},"excerpt":{"rendered":"<p>El ex delantero americanista tuvo minutos con el astro del Barcelona.<\/p>\n","protected":false},"author":20,"featured_media":498685,"comment_status":"closed","ping_status":"closed","sticky":false,"template":"","format":"standard","meta":[],"categories":[3839],"tags":[5996,3876,6012],"_links":{"self":[{"href":"http:\/\/desarrollo.grupomedios.com\/futbol\/wp-json\/wp\/v2\/posts\/498682"}],"collection":[{"href":"http:\/\/desarrollo.grupomedios.com\/futbol\/wp-json\/wp\/v2\/posts"}],"about":[{"href":"http:\/\/desarrollo.grupomedios.com\/futbol\/wp-json\/wp\/v2\/types\/post"}],"author":[{"embeddable":true,"href":"http:\/\/desarrollo.grupomedios.com\/futbol\/wp-json\/wp\/v2\/users\/20"}],"replies":[{"embeddable":true,"href":"http:\/\/desarrollo.grupomedios.com\/futbol\/wp-json\/wp\/v2\/comments?post=498682"}],"version-history":[{"count":1,"href":"http:\/\/desarrollo.grupomedios.com\/futbol\/wp-json\/wp\/v2\/posts\/498682\/revisions"}],"predecessor-version":[{"id":498686,"href":"http:\/\/desarrollo.grupomedios.com\/futbol\/wp-json\/wp\/v2\/posts\/498682\/revisions\/498686"}],"wp:featuredmedia":[{"embeddable":true,"href":"http:\/\/desarrollo.grupomedios.com\/futbol\/wp-json\/wp\/v2\/media\/498685"}],"wp:attachment":[{"href":"http:\/\/desarrollo.grupomedios.com\/futbol\/wp-json\/wp\/v2\/media?parent=498682"}],"wp:term":[{"taxonomy":"category","embeddable":true,"href":"http:\/\/desarrollo.grupomedios.com\/futbol\/wp-json\/wp\/v2\/categories?post=498682"},{"taxonomy":"post_tag","embeddable":true,"href":"http:\/\/desarrollo.grupomedios.com\/futbol\/wp-json\/wp\/v2\/tags?post=498682"}],"curies":[{"name":"wp","href":"https:\/\/api.w.org\/{rel}","templated":true}]}}