{"id":498692,"date":"2017-09-08T09:30:41","date_gmt":"2017-09-08T14:30:41","guid":{"rendered":"https:\/\/www.futboltotal.com.mx\/?p=498692"},"modified":"2017-09-08T09:47:36","modified_gmt":"2017-09-08T14:47:36","slug":"powerade-futbol-total-te-llevan-a-ver-america-vs-veracruz","status":"publish","type":"post","link":"http:\/\/desarrollo.grupomedios.com\/futbol\/promociones\/powerade-futbol-total-te-llevan-a-ver-america-vs-veracruz\/2017\/09","title":{"rendered":"Powerade y Futbol Total te llevan a ver el Am\u00e9rica vs. Veracruz"},"content":{"rendered":"<p>La Liga MX vuelve a la actividad y <strong>Powerade<\/strong> junto a <strong>Futbol Total<\/strong> te lleva al Estadio Azteca para que disfrutes el partido <strong>Am\u00e9rica<\/strong> vs. <strong>Veracruz<\/strong> este s\u00e1bado 9 de septiembre.<\/p>\n<p>Lo \u00fanico que debes hacer para poder ganarte <strong>un pase doble<\/strong>\u00a0es:<\/p>\n<p>1.-\u00a0Seguir las cuentas de <strong>Futbol Total<\/strong> y <strong>Powerade<\/strong> tanto en Facebook: <span style=\"color: #333399;\"><strong><a style=\"color: #333399;\" href=\"https:\/\/www.facebook.com\/futboltotalmexico\/\">@futboltotalmexico<\/a><\/strong><\/span>\u00a0y\u00a0<span style=\"color: #333399;\"><a style=\"color: #333399;\" href=\"https:\/\/www.facebook.com\/Powerade-389378391156124\/\" target=\"_blank\" rel=\"noopener noreferrer\"><strong>@Powerade<\/strong><\/a> <\/span>como en\u00a0Twitter: <span style=\"color: #333399;\"><strong><a style=\"color: #333399;\" href=\"https:\/\/twitter.com\/MXFutbolTotal\">@MXFutbolTotal<\/a><\/strong><\/span>\u00a0y <strong><a href=\"https:\/\/twitter.com\/PoweradeMx\" target=\"_blank\" rel=\"noopener noreferrer\"><span style=\"color: #333399;\">@PoweradeMx<\/span><\/a><\/strong> y tomar una captura\u00a0de pantalla para comprobarlo.<\/p>\n<p>2.- Publicar\u00a0en ambas redes sociales (Facebook y Twitter) una <strong>fotograf\u00eda <\/strong>en la que aparezcas con un producto <strong>Powerade<\/strong>, usando el hashtag <strong>#HAYPOWER\u00a0<\/strong>y etiquetando a <strong>Futbol Total<\/strong>, adem\u00e1s de tomar\u00a0las respectivas\u00a0capturas de pantalla para comprobarlo.<\/p>\n<ul>\n<li>Debes mandar TODAS las capturas\u00a0de pantalla\/screenshots <strong>ANTES DE LAS 13:00 HRS.<\/strong>\u00a0del<strong>\u00a0viernes 8 de septiembre<\/strong>\u00a0al mail <strong>futboltotal@futboltotal.com.mx<\/strong> con asunto \u201c<b>Am\u00e9rica vs. Veracruz-POWERADE<\/b>\u201d. El mensaje deber\u00e1 estar acompa\u00f1ado de nombre completo y un tel\u00e9fono de contacto.<\/li>\n<li>Los primeros 10 participantes\u00a0en cumplir con todos los requisitos ser\u00e1n los ganadores de 1 de los 10 pases dobles para acudir al partido <strong>Am\u00e9rica<\/strong> vs. <strong>Veracruz<\/strong> este s\u00e1bado 9 de septiembre en punto de las 21:00 hrs..<\/li>\n<li>\u00danicamente puedes mandar un correo, de lo contrario ser\u00e1s descalificado.<\/li>\n<\/ul>\n<p>El equipo FT se comunicar\u00e1 con el ganador, quien deber\u00e1 recoger el premio\u00a0en las oficinas de Futbol Total, ubicadas en la Ciudad de M\u00e9xico; a nadie se le podr\u00e1 entregar el premio\u00a0por medio de paqueter\u00eda. La entrega se har\u00e1 el d\u00eda\u00a0<strong>viernes 8\u00a0de septiembre<\/strong>\u00a0en horario exclusivo de <strong>10:00 a 16:00 horas<\/strong>. Indispensable presentar original y copia de identificaci\u00f3n oficial.<\/p>\n<p><strong>IMPORTANTE:<\/strong> No ser\u00e1 elegible para esta promoci\u00f3n toda persona que haya ganado\u00a0cualquier tipo de promoci\u00f3n\u00a0de Futbol Total en los \u00faltimos 90 d\u00edas.<\/p>\n","protected":false},"excerpt":{"rendered":"<p>Es muy f\u00e1cil que acudas al Azteca y disfrutes el duelo entre \u00c1guilas y Tiburones. \u00bfQu\u00e9 esperas?<\/p>\n","protected":false},"author":20,"featured_media":498718,"comment_status":"closed","ping_status":"closed","sticky":false,"template":"","format":"standard","meta":[],"categories":[2198,3845,60],"tags":[5959,8357,64,3737,6049],"_links":{"self":[{"href":"http:\/\/desarrollo.grupomedios.com\/futbol\/wp-json\/wp\/v2\/posts\/498692"}],"collection":[{"href":"http:\/\/desarrollo.grupomedios.com\/futbol\/wp-json\/wp\/v2\/posts"}],"about":[{"href":"http:\/\/desarrollo.grupomedios.com\/futbol\/wp-json\/wp\/v2\/types\/post"}],"author":[{"embeddable":true,"href":"http:\/\/desarrollo.grupomedios.com\/futbol\/wp-json\/wp\/v2\/users\/20"}],"replies":[{"embeddable":true,"href":"http:\/\/desarrollo.grupomedios.com\/futbol\/wp-json\/wp\/v2\/comments?post=498692"}],"version-history":[{"count":3,"href":"http:\/\/desarrollo.grupomedios.com\/futbol\/wp-json\/wp\/v2\/posts\/498692\/revisions"}],"predecessor-version":[{"id":498790,"href":"http:\/\/desarrollo.grupomedios.com\/futbol\/wp-json\/wp\/v2\/posts\/498692\/revisions\/498790"}],"wp:featuredmedia":[{"embeddable":true,"href":"http:\/\/desarrollo.grupomedios.com\/futbol\/wp-json\/wp\/v2\/media\/498718"}],"wp:attachment":[{"href":"http:\/\/desarrollo.grupomedios.com\/futbol\/wp-json\/wp\/v2\/media?parent=498692"}],"wp:term":[{"taxonomy":"category","embeddable":true,"href":"http:\/\/desarrollo.grupomedios.com\/futbol\/wp-json\/wp\/v2\/categories?post=498692"},{"taxonomy":"post_tag","embeddable":true,"href":"http:\/\/desarrollo.grupomedios.com\/futbol\/wp-json\/wp\/v2\/tags?post=498692"}],"curies":[{"name":"wp","href":"https:\/\/api.w.org\/{rel}","templated":true}]}}