{"id":498698,"date":"2017-09-07T16:01:13","date_gmt":"2017-09-07T21:01:13","guid":{"rendered":"https:\/\/www.futboltotal.com.mx\/?p=498698"},"modified":"2017-09-07T16:01:13","modified_gmt":"2017-09-07T21:01:13","slug":"hermana-raul-jimenez-cerca-ganar-concurso-modelaje","status":"publish","type":"post","link":"http:\/\/desarrollo.grupomedios.com\/futbol\/futbol-internacional\/hermana-raul-jimenez-cerca-ganar-concurso-modelaje\/2017\/09","title":{"rendered":"Hermana de Ra\u00fal Jim\u00e9nez, cerca de ganar concurso de modelaje"},"content":{"rendered":"<p><strong>Miranda Jim\u00e9nez<\/strong>, hermana del futbolista <strong>Ra\u00fal Jim\u00e9nez<\/strong>, ha seguido los pasos del futbolista en el camino del \u00e9xito, y est\u00e1 cerca de ganar el <strong>Miss Earth M\u00e9xico<\/strong>.<\/p>\n<p>Miranda dio a conocer en su cuenta de Twitter que se encuentra en el primer lugar de votaciones, y se acerca a ser elegida como la ganadora del concurso.<\/p>\n<blockquote class=\"twitter-tweet\" data-lang=\"es\">\n<p dir=\"ltr\" lang=\"es\">\u00a1Seguimos primeros!<br \/>\nLas votaciones se cierran por la tarde.<br \/>\nMuchas gracias por su apoyo, son los mejores &#x1f618;&#x1f618;<br \/>\n\u2b07\ufe0f<br \/>\n\u2b07\ufe0f<a href=\"https:\/\/t.co\/ygdQWt9fkY\">https:\/\/t.co\/ygdQWt9fkY<\/a> <a href=\"https:\/\/t.co\/hFqtGiX5mi\">pic.twitter.com\/hFqtGiX5mi<\/a><\/p>\n<p>\u2014 Miranda Jim\u00e9nez&#x1f34a; (@miri_jim) <a href=\"https:\/\/twitter.com\/miri_jim\/status\/905881159707578370\">7 de septiembre de 2017<\/a><\/p><\/blockquote>\n<p><script async src=\"\/\/platform.twitter.com\/widgets.js\" charset=\"utf-8\"><\/script><\/p>\n<p>La hermana de Ra\u00fal Jim\u00e9nez ha brillado en el mundo de modelaje por su belleza y su gran figura est\u00e9tica.<\/p>\n<p><a href=\"https:\/\/www.futboltotal.com.mx\/wp-content\/uploads\/2017\/09\/Captura-de-pantalla-2017-09-07-a-las-15.54.38.png\"><img decoding=\"async\" loading=\"lazy\" class=\"aligncenter wp-image-498703 size-full\" src=\"https:\/\/www.futboltotal.com.mx\/wp-content\/uploads\/2017\/09\/Captura-de-pantalla-2017-09-07-a-las-15.54.38.png\" alt=\"Hermana de Ra\u00fal Jim\u00e9nez, cerca de ganar concurso de modelaje 0\" srcset=\"http:\/\/desarrollo.grupomedios.com\/futbol\/wp-content\/uploads\/2017\/09\/Captura-de-pantalla-2017-09-07-a-las-15.54.38.png 363w, http:\/\/desarrollo.grupomedios.com\/futbol\/wp-content\/uploads\/2017\/09\/Captura-de-pantalla-2017-09-07-a-las-15.54.38-180x300.png 180w\" sizes=\"(max-width: 363px) 100vw, 363px\" \/><\/a><\/p>\n<p><a href=\"https:\/\/www.futboltotal.com.mx\/wp-content\/uploads\/2017\/09\/miranda-jimenez.jpg\"><img decoding=\"async\" loading=\"lazy\" class=\"aligncenter wp-image-498704 size-large\" src=\"https:\/\/www.futboltotal.com.mx\/wp-content\/uploads\/2017\/09\/miranda-jimenez-1024x576.jpg\" alt=\"Hermana de Ra\u00fal Jim\u00e9nez, cerca de ganar concurso de modelaje 1\" srcset=\"http:\/\/desarrollo.grupomedios.com\/futbol\/wp-content\/uploads\/2017\/09\/miranda-jimenez-1024x576.jpg 1024w, http:\/\/desarrollo.grupomedios.com\/futbol\/wp-content\/uploads\/2017\/09\/miranda-jimenez-300x169.jpg 300w, http:\/\/desarrollo.grupomedios.com\/futbol\/wp-content\/uploads\/2017\/09\/miranda-jimenez-768x432.jpg 768w, http:\/\/desarrollo.grupomedios.com\/futbol\/wp-content\/uploads\/2017\/09\/miranda-jimenez-393x221.jpg 393w, http:\/\/desarrollo.grupomedios.com\/futbol\/wp-content\/uploads\/2017\/09\/miranda-jimenez.jpg 1136w\" sizes=\"(max-width: 1024px) 100vw, 1024px\" \/><\/a><\/p>\n<blockquote class=\"instagram-media\" style=\"background: #FFF; border: 0; border-radius: 3px; box-shadow: 0 0 1px 0 rgba(0,0,0,0.5),0 1px 10px 0 rgba(0,0,0,0.15); margin: 1px; max-width: 658px; padding: 0; width: calc(100% - 2px);\" data-instgrm-captioned=\"\" data-instgrm-version=\"7\">\n<div style=\"padding: 8px;\">\n<div style=\"background: #F8F8F8; line-height: 0; margin-top: 40px; padding: 62.48671625929861% 0; text-align: center; width: 100%;\"><\/div>\n<p style=\"margin: 8px 0 0 0; padding: 0 4px;\"><a style=\"color: #000; font-family: Arial,sans-serif; font-size: 14px; font-style: normal; font-weight: normal; line-height: 17px; text-decoration: none; word-wrap: break-word;\" href=\"https:\/\/www.instagram.com\/p\/BUadJ7fBPb7\/\" target=\"_blank\" rel=\"noopener noreferrer\">Belleza por una causa&#x1f343;&#x1f451; #missaerthmexico2017 #missearthmexico #missearthcdmx2017 #environment #savetheplanet #beauty #lifestyle #igers #instalovers #bikinilover #nature #photoshoot #bikinifashion #fashionblogger #cdmx #model #blessed<\/a><\/p>\n<p style=\"color: #c9c8cd; font-family: Arial,sans-serif; font-size: 14px; line-height: 17px; margin-bottom: 0; margin-top: 8px; overflow: hidden; padding: 8px 0 7px; text-align: center; text-overflow: ellipsis; white-space: nowrap;\">Una publicaci\u00f3n compartida de M i r a n d a J i m \u00e9 n e z (@miri_jim) el <time style=\"font-family: Arial,sans-serif; font-size: 14px; line-height: 17px;\" datetime=\"2017-05-22T23:39:09+00:00\">22 de May de 2017 a la(s) 4:39 PDT<\/time><\/p>\n<\/div>\n<\/blockquote>\n<p><script async defer src=\"\/\/platform.instagram.com\/en_US\/embeds.js\"><\/script><\/p>\n","protected":false},"excerpt":{"rendered":"<p>Miranda jim\u00e9nez est\u00e1 cerca de ganar el Miss Earth M\u00e9xico<\/p>\n","protected":false},"author":20,"featured_media":498702,"comment_status":"closed","ping_status":"closed","sticky":false,"template":"","format":"standard","meta":[],"categories":[5419,3839,6718],"tags":[6060,10118,742],"_links":{"self":[{"href":"http:\/\/desarrollo.grupomedios.com\/futbol\/wp-json\/wp\/v2\/posts\/498698"}],"collection":[{"href":"http:\/\/desarrollo.grupomedios.com\/futbol\/wp-json\/wp\/v2\/posts"}],"about":[{"href":"http:\/\/desarrollo.grupomedios.com\/futbol\/wp-json\/wp\/v2\/types\/post"}],"author":[{"embeddable":true,"href":"http:\/\/desarrollo.grupomedios.com\/futbol\/wp-json\/wp\/v2\/users\/20"}],"replies":[{"embeddable":true,"href":"http:\/\/desarrollo.grupomedios.com\/futbol\/wp-json\/wp\/v2\/comments?post=498698"}],"version-history":[{"count":1,"href":"http:\/\/desarrollo.grupomedios.com\/futbol\/wp-json\/wp\/v2\/posts\/498698\/revisions"}],"predecessor-version":[{"id":498706,"href":"http:\/\/desarrollo.grupomedios.com\/futbol\/wp-json\/wp\/v2\/posts\/498698\/revisions\/498706"}],"wp:featuredmedia":[{"embeddable":true,"href":"http:\/\/desarrollo.grupomedios.com\/futbol\/wp-json\/wp\/v2\/media\/498702"}],"wp:attachment":[{"href":"http:\/\/desarrollo.grupomedios.com\/futbol\/wp-json\/wp\/v2\/media?parent=498698"}],"wp:term":[{"taxonomy":"category","embeddable":true,"href":"http:\/\/desarrollo.grupomedios.com\/futbol\/wp-json\/wp\/v2\/categories?post=498698"},{"taxonomy":"post_tag","embeddable":true,"href":"http:\/\/desarrollo.grupomedios.com\/futbol\/wp-json\/wp\/v2\/tags?post=498698"}],"curies":[{"name":"wp","href":"https:\/\/api.w.org\/{rel}","templated":true}]}}