{"id":498701,"date":"2017-09-07T16:02:42","date_gmt":"2017-09-07T21:02:42","guid":{"rendered":"https:\/\/www.futboltotal.com.mx\/?p=498701"},"modified":"2017-09-07T16:02:42","modified_gmt":"2017-09-07T21:02:42","slug":"convocan-a-marcha-alexis-sanchez-rompa-novia","status":"publish","type":"post","link":"http:\/\/desarrollo.grupomedios.com\/futbol\/cambio-de-juego\/convocan-a-marcha-alexis-sanchez-rompa-novia\/2017\/09","title":{"rendered":"Convocan a marcha para que Alexis S\u00e1nchez rompa con su novia"},"content":{"rendered":"<p>Una p\u00e1gina de Facebook llamada\u00a0&#8220;<strong>La Marea Roja Valparaiso&#8221;<\/strong> ha convocado a una marcha para el pr\u00f3ximo jueves 5 de octubre con el objetivo que <strong>Alexis S\u00e1nchez<\/strong> ponga fin a su relaci\u00f3n con la actriz\u00a0<strong>Mayte Rodr\u00edguez.<\/strong><\/p>\n<p>Chile sufri\u00f3 en sus \u00faltimos dos juegos de eliminatoria rumbo a <strong>Rusia 2018<\/strong>, perdiendo ante <strong>Paraguay y Bolivia<\/strong>, lo que ha puesto en serios problemas su clasificaci\u00f3n al Mundial ocupando la sexta posici\u00f3n en la clasificaci\u00f3n, por lo que los aficionados han reaccionado de esta forma con una de sus estrellas.<\/p>\n<p style=\"text-align: center;\"><span style=\"color: #333399;\"><a style=\"color: #333399;\" href=\"https:\/\/www.futboltotal.com.mx\/2017\/09\/angel-reyna-se-quiere-retirar-en-america\/\" target=\"_blank\" rel=\"noopener noreferrer\">VER M\u00c1S: \u00c1ngel Reyna desea retirarse en el Am\u00e9rica<\/a><\/span><\/p>\n<p>El grupo que ha organizado la marcha tiene pensado reunirse\u00a0entre las 20:00 y las 22:10 horas, en el <strong>Estadio Nacional de Chile<\/strong> y creen que la novia del futbolista del <strong>Arsenal<\/strong> ha sido la responsable para que Alexis haya bajado su nivel dr\u00e1sticamente.<\/p>\n<p><a href=\"https:\/\/www.futboltotal.com.mx\/wp-content\/uploads\/2017\/09\/marcha-alexis-sanchez.jpg\"><img decoding=\"async\" loading=\"lazy\" class=\"size-full wp-image-498705 aligncenter\" src=\"https:\/\/www.futboltotal.com.mx\/wp-content\/uploads\/2017\/09\/marcha-alexis-sanchez.jpg\" alt=\"Convocan a marcha para que Alexis S\u00e1nchez rompa con su novia 0\" srcset=\"http:\/\/desarrollo.grupomedios.com\/futbol\/wp-content\/uploads\/2017\/09\/marcha-alexis-sanchez.jpg 512w, http:\/\/desarrollo.grupomedios.com\/futbol\/wp-content\/uploads\/2017\/09\/marcha-alexis-sanchez-242x300.jpg 242w\" sizes=\"(max-width: 512px) 100vw, 512px\" \/><\/a><\/p>\n<p><strong>&#8220;Marcha para que Alexis S\u00e1nchez termine con Mayte Rodr\u00edguez y vuelva a su nivel para poder llegar al Mundial de Rusia 2018&#8221;,<\/strong>\u00a0explican en el apartado\u00a0de informaci\u00f3n del evento.<\/p>\n<p>Hasta el momento m\u00e1s de <strong>55,500 personas<\/strong> han confirmado su asistencia,\u00a0mientras que <strong>13,000<\/strong> m\u00e1s se han mostrado interesadas en el evento, de acuerdo con el <em>Diario AS.<\/em><\/p>\n<p style=\"text-align: center;\"><span style=\"color: #333399;\"><a style=\"color: #333399;\" href=\"https:\/\/www.futboltotal.com.mx\/2017\/09\/neymar-fue-la-segunda-opcion-psg-era-la-primera\/\" target=\"_blank\" rel=\"noopener noreferrer\">VER M\u00c1S: Neymar fue la segunda opci\u00f3n para el PSG, \u00bfQui\u00e9n era la primera?<\/a><\/span><\/p>\n<h3><\/h3>\n","protected":false},"excerpt":{"rendered":"<p>La afici\u00f3n quiere que Alexis vuelva a su nivel<\/p>\n","protected":false},"author":20,"featured_media":486071,"comment_status":"closed","ping_status":"closed","sticky":false,"template":"","format":"standard","meta":[],"categories":[5419],"tags":[6053,406,2232],"_links":{"self":[{"href":"http:\/\/desarrollo.grupomedios.com\/futbol\/wp-json\/wp\/v2\/posts\/498701"}],"collection":[{"href":"http:\/\/desarrollo.grupomedios.com\/futbol\/wp-json\/wp\/v2\/posts"}],"about":[{"href":"http:\/\/desarrollo.grupomedios.com\/futbol\/wp-json\/wp\/v2\/types\/post"}],"author":[{"embeddable":true,"href":"http:\/\/desarrollo.grupomedios.com\/futbol\/wp-json\/wp\/v2\/users\/20"}],"replies":[{"embeddable":true,"href":"http:\/\/desarrollo.grupomedios.com\/futbol\/wp-json\/wp\/v2\/comments?post=498701"}],"version-history":[{"count":1,"href":"http:\/\/desarrollo.grupomedios.com\/futbol\/wp-json\/wp\/v2\/posts\/498701\/revisions"}],"predecessor-version":[{"id":498708,"href":"http:\/\/desarrollo.grupomedios.com\/futbol\/wp-json\/wp\/v2\/posts\/498701\/revisions\/498708"}],"wp:featuredmedia":[{"embeddable":true,"href":"http:\/\/desarrollo.grupomedios.com\/futbol\/wp-json\/wp\/v2\/media\/486071"}],"wp:attachment":[{"href":"http:\/\/desarrollo.grupomedios.com\/futbol\/wp-json\/wp\/v2\/media?parent=498701"}],"wp:term":[{"taxonomy":"category","embeddable":true,"href":"http:\/\/desarrollo.grupomedios.com\/futbol\/wp-json\/wp\/v2\/categories?post=498701"},{"taxonomy":"post_tag","embeddable":true,"href":"http:\/\/desarrollo.grupomedios.com\/futbol\/wp-json\/wp\/v2\/tags?post=498701"}],"curies":[{"name":"wp","href":"https:\/\/api.w.org\/{rel}","templated":true}]}}