{"id":498757,"date":"2017-09-07T19:20:05","date_gmt":"2017-09-08T00:20:05","guid":{"rendered":"https:\/\/www.futboltotal.com.mx\/?p=498757"},"modified":"2017-09-07T19:20:05","modified_gmt":"2017-09-08T00:20:05","slug":"eligen-a-charlyn-corral-mejor-jugadora-la-jornada-1-en-espana","status":"publish","type":"post","link":"http:\/\/desarrollo.grupomedios.com\/futbol\/futbol-internacional\/eligen-a-charlyn-corral-mejor-jugadora-la-jornada-1-en-espana\/2017\/09","title":{"rendered":"Eligen a Charlyn Corral mejor jugadora de la Jornada 1 en Espa\u00f1a"},"content":{"rendered":"<p><strong>Charlyn Corral<\/strong> sigue dando el ejemplo en el futbol femenil y la mexicana volvi\u00f3 a destacar en la<strong> Liga de Espa\u00f1a<\/strong> al ser elegida la <strong>Mejor Jugadora de la Jornada 1<\/strong>.<\/p>\n<p>Luego de marcar el primer gol en la<strong> Liga Femenina Iberdrola<\/strong>, durante el empate del <strong>Levante Femenino<\/strong> ante el <strong>Madrid CF Femenino<\/strong>, la afici\u00f3n vot\u00f3 por la delantera mexicana para convertirla en la mejor de la fecha.<\/p>\n<p>La delantera se llev\u00f3 la votaci\u00f3n con m\u00e1s del 50 por ciento por encima de Andressa Alves del FC Barcelona con un doblete y Nekane D\u00edez del Athletic quien le dio el triunfo a su escuadra con dos anotaciones.<\/p>\n<p style=\"text-align: center;\"><span style=\"color: #3366ff;\"><a style=\"color: #3366ff;\" href=\"https:\/\/www.futboltotal.com.mx\/2017\/09\/hermana-raul-jimenez-cerca-ganar-concurso-modelaje\/\">VER M\u00c1S: Hermana de Ra\u00fal Jim\u00e9nez, cerca de ganar concurso de modelaje<\/a><\/span><\/p>\n<p>https:\/\/twitter.com\/LaLiga\/status\/905824442537975809<\/p>\n","protected":false},"excerpt":{"rendered":"<p>La mexicana marc\u00f3 un golazo ante el Madrid FC Femenil.<\/p>\n","protected":false},"author":20,"featured_media":494967,"comment_status":"closed","ping_status":"closed","sticky":false,"template":"","format":"standard","meta":[],"categories":[3839,6718],"tags":[4008,10121,10122],"_links":{"self":[{"href":"http:\/\/desarrollo.grupomedios.com\/futbol\/wp-json\/wp\/v2\/posts\/498757"}],"collection":[{"href":"http:\/\/desarrollo.grupomedios.com\/futbol\/wp-json\/wp\/v2\/posts"}],"about":[{"href":"http:\/\/desarrollo.grupomedios.com\/futbol\/wp-json\/wp\/v2\/types\/post"}],"author":[{"embeddable":true,"href":"http:\/\/desarrollo.grupomedios.com\/futbol\/wp-json\/wp\/v2\/users\/20"}],"replies":[{"embeddable":true,"href":"http:\/\/desarrollo.grupomedios.com\/futbol\/wp-json\/wp\/v2\/comments?post=498757"}],"version-history":[{"count":1,"href":"http:\/\/desarrollo.grupomedios.com\/futbol\/wp-json\/wp\/v2\/posts\/498757\/revisions"}],"predecessor-version":[{"id":498758,"href":"http:\/\/desarrollo.grupomedios.com\/futbol\/wp-json\/wp\/v2\/posts\/498757\/revisions\/498758"}],"wp:featuredmedia":[{"embeddable":true,"href":"http:\/\/desarrollo.grupomedios.com\/futbol\/wp-json\/wp\/v2\/media\/494967"}],"wp:attachment":[{"href":"http:\/\/desarrollo.grupomedios.com\/futbol\/wp-json\/wp\/v2\/media?parent=498757"}],"wp:term":[{"taxonomy":"category","embeddable":true,"href":"http:\/\/desarrollo.grupomedios.com\/futbol\/wp-json\/wp\/v2\/categories?post=498757"},{"taxonomy":"post_tag","embeddable":true,"href":"http:\/\/desarrollo.grupomedios.com\/futbol\/wp-json\/wp\/v2\/tags?post=498757"}],"curies":[{"name":"wp","href":"https:\/\/api.w.org\/{rel}","templated":true}]}}